{"id":20622,"date":"2025-08-19T10:30:53","date_gmt":"2025-08-19T08:30:53","guid":{"rendered":"https:\/\/entretormentas.com\/?p=20622"},"modified":"2025-08-19T10:30:54","modified_gmt":"2025-08-19T08:30:54","slug":"en-dos-parroquias-alcaldia-de-san-francisco-recolecta-120-toneladas-de-desechos-solidos-en-varios-puntos","status":"publish","type":"post","link":"https:\/\/entretormentas.com\/en-dos-parroquias-alcaldia-de-san-francisco-recolecta-120-toneladas-de-desechos-solidos-en-varios-puntos\/","title":{"rendered":"\u00a1EN DOS PARROQUIAS! Alcald\u00eda de San Francisco recolecta 120 toneladas de desechos s\u00f3lidos en varios puntos"},"content":{"rendered":"\n<p><strong>ENTRE TORMENTAS.<\/strong> Bajo los lineamientos del Alcalde de San Francisco, H\u00e9ctor Soto, el Instituto P\u00fablico Municipal de Ambiente y Aseo Urbano (Imasur) despleg\u00f3 una jornada de saneamiento ambiental en varios puntos de las parroquias Domitila Flores y San Francisco, cumpliendo as\u00ed la premisa de combatir la problem\u00e1tica de la basura que fue ignorada por la indolente anterior gesti\u00f3n.<\/p>\n\n\n\n<p>Dando respuesta adem\u00e1s a las solicitudes hechas por las comunidades a trav\u00e9s de la VenApp, se realiz\u00f3 de manera simult\u00e1nea, con el apoyo de maquinaria pesada (retro excavadora y camiones volteo) y con cuadrillas de ambientalistas, las labores de desmalezamiento, limpieza y recolecci\u00f3n de los desechos s\u00f3lidos en la calle 181 de comunidad de Fe y Alegr\u00eda \u00abB1\u00bb (parroquia Domitila Flores) y la calle 180 de parroquia San Francisco (popular Calle Matuza).<\/p>\n\n\n\n<figure class=\"wp-block-image size-large\"><img fetchpriority=\"high\" decoding=\"async\" width=\"1024\" height=\"682\" src=\"https:\/\/entretormentas.com\/wp-content\/uploads\/2025\/08\/BASAN2-1024x682.jpg\" alt=\"\" class=\"wp-image-20623\" srcset=\"https:\/\/entretormentas.com\/wp-content\/uploads\/2025\/08\/BASAN2-1024x682.jpg 1024w, https:\/\/entretormentas.com\/wp-content\/uploads\/2025\/08\/BASAN2-300x200.jpg 300w, https:\/\/entretormentas.com\/wp-content\/uploads\/2025\/08\/BASAN2-768x512.jpg 768w, https:\/\/entretormentas.com\/wp-content\/uploads\/2025\/08\/BASAN2.jpg 1280w\" sizes=\"(max-width: 1024px) 100vw, 1024px\" \/><\/figure>\n\n\n\n<p>En estos dos puntos se lograron recolectar 120 toneladas entre desechos s\u00f3lidos y escombros que se encontraban obstaculizando estas importantes avenidas de la localidad sure\u00f1a y representaban un foco de contaminaci\u00f3n. Estos puntos se suman a los que ya est\u00e1n siendo intervenidos en el municipio a trav\u00e9s del Plan de Saneamiento Ambiental ordenado por el Alcalde H\u00e9ctor Soto.<\/p>\n\n\n\n<p>Lesbia Garc\u00eda de Navas, habitante de la comunidad Fe y Alegr\u00eda \u00abB1\u00bb, resalt\u00f3 que desde hace m\u00e1s de 10 a\u00f1os presentan la problem\u00e1tica con la deposici\u00f3n final de los desechos s\u00f3lidos, lo cual representa una grave afectaci\u00f3n a la salud.<\/p>\n\n\n\n<p>Por su parte Maritza Gonz\u00e1lez, Coordinadora de la UBBCH Manuel Jos\u00e9 Rodr\u00edguez y habitante adyacente a la Calle Matuza, expres\u00f3: \u00abestamos agradecidos con el presidente Nicol\u00e1s Maduro y con el Alcalde H\u00e9ctor Soto por tan pronta respuesta, esto nos devuelve la tranquilidad y confiamos en que junto a nosotros, su pueblo, vamos hacer brillar nuevamente a San Francisco\u00bb.<br><strong><em>ET \/ Nota de Prensa<\/em><\/strong><\/p>\n","protected":false},"excerpt":{"rendered":"<p>ENTRE TORMENTAS. Bajo los lineamientos del Alcalde de San Francisco, H\u00e9ctor Soto, el Instituto P\u00fablico&#8230;<\/p>\n","protected":false},"author":2,"featured_media":20624,"comment_status":"closed","ping_status":"open","sticky":false,"template":"","format":"standard","meta":{"footnotes":""},"categories":[57,1],"tags":[],"class_list":["post-20622","post","type-post","status-publish","format-standard","has-post-thumbnail","hentry","category-actualidad","category-regionales"],"_links":{"self":[{"href":"https:\/\/entretormentas.com\/index.php?rest_route=\/wp\/v2\/posts\/20622","targetHints":{"allow":["GET"]}}],"collection":[{"href":"https:\/\/entretormentas.com\/index.php?rest_route=\/wp\/v2\/posts"}],"about":[{"href":"https:\/\/entretormentas.com\/index.php?rest_route=\/wp\/v2\/types\/post"}],"author":[{"embeddable":true,"href":"https:\/\/entretormentas.com\/index.php?rest_route=\/wp\/v2\/users\/2"}],"replies":[{"embeddable":true,"href":"https:\/\/entretormentas.com\/index.php?rest_route=%2Fwp%2Fv2%2Fcomments&post=20622"}],"version-history":[{"count":1,"href":"https:\/\/entretormentas.com\/index.php?rest_route=\/wp\/v2\/posts\/20622\/revisions"}],"predecessor-version":[{"id":20625,"href":"https:\/\/entretormentas.com\/index.php?rest_route=\/wp\/v2\/posts\/20622\/revisions\/20625"}],"wp:featuredmedia":[{"embeddable":true,"href":"https:\/\/entretormentas.com\/index.php?rest_route=\/wp\/v2\/media\/20624"}],"wp:attachment":[{"href":"https:\/\/entretormentas.com\/index.php?rest_route=%2Fwp%2Fv2%2Fmedia&parent=20622"}],"wp:term":[{"taxonomy":"category","embeddable":true,"href":"https:\/\/entretormentas.com\/index.php?rest_route=%2Fwp%2Fv2%2Fcategories&post=20622"},{"taxonomy":"post_tag","embeddable":true,"href":"https:\/\/entretormentas.com\/index.php?rest_route=%2Fwp%2Fv2%2Ftags&post=20622"}],"curies":[{"name":"wp","href":"https:\/\/api.w.org\/{rel}","templated":true}]}}