{"id":20626,"date":"2025-08-19T10:33:50","date_gmt":"2025-08-19T08:33:50","guid":{"rendered":"https:\/\/entretormentas.com\/?p=20626"},"modified":"2025-08-19T10:33:51","modified_gmt":"2025-08-19T08:33:51","slug":"nuevo-rostro-para-la-ciudad-alcaldia-inicia-plan-integral-de-ordenamiento-y-saneamiento-ambiental-de-maracaibo","status":"publish","type":"post","link":"https:\/\/entretormentas.com\/nuevo-rostro-para-la-ciudad-alcaldia-inicia-plan-integral-de-ordenamiento-y-saneamiento-ambiental-de-maracaibo\/","title":{"rendered":"\u00a1NUEVO ROSTRO PARA LA CIUDAD! Alcald\u00eda inicia Plan Integral de Ordenamiento y Saneamiento Ambiental de Maracaibo"},"content":{"rendered":"\n<p><strong>ENTRE TORMENTAS.<\/strong> Un Plan Integral de Ordenamiento y Saneamiento Ambiental de la ciudad inici\u00f3 la Alcald\u00eda de Maracaibo con la finalidad darle utilidad a los terrenos, locales y casas abandonados o desocupados ubicados en el municipio Maracaibo.<\/p>\n\n\n\n<p>As\u00ed lo inform\u00f3 \u00d3scar Urdaneta, Intendente Tributario del Sedemat, quien precis\u00f3 que en esta etapa inicial ubicaron 38 terrenos, algunos abandonados, enmontados y otros con carteles de alquiler o venta, de los cuales se har\u00e1 un registro y el respectivo llamado al due\u00f1o para ponerse a derecho ante el Sedemat.<\/p>\n\n\n\n<p>Este plan es una iniciativa del alcalde de Maracaibo, Gian Carlo Di Martino, para recuperar el ornato de la ciudad, devolverle al pueblo sus plazas, parques, limpias; por ello se requiere que los propietarios presenten proyectos o propuestas para cambiar el abandono por prosperidad.<\/p>\n\n\n\n<p>En su intervenci\u00f3n, Janner P\u00e9rez, presidente del IMA exhort\u00f3 a los empresarios que tengan terrenos, casas o locales desocupados, acudan al SEDEMAT porque el objetivo no es expropiar, sino darles utilidad a esos espacios.<\/p>\n\n\n\n<figure class=\"wp-block-image size-large\"><img fetchpriority=\"high\" decoding=\"async\" width=\"1024\" height=\"682\" src=\"https:\/\/entretormentas.com\/wp-content\/uploads\/2025\/08\/ROSTROMCBO2-1024x682.jpg\" alt=\"\" class=\"wp-image-20627\" srcset=\"https:\/\/entretormentas.com\/wp-content\/uploads\/2025\/08\/ROSTROMCBO2-1024x682.jpg 1024w, https:\/\/entretormentas.com\/wp-content\/uploads\/2025\/08\/ROSTROMCBO2-300x200.jpg 300w, https:\/\/entretormentas.com\/wp-content\/uploads\/2025\/08\/ROSTROMCBO2-768x511.jpg 768w, https:\/\/entretormentas.com\/wp-content\/uploads\/2025\/08\/ROSTROMCBO2.jpg 1280w\" sizes=\"(max-width: 1024px) 100vw, 1024px\" \/><\/figure>\n\n\n\n<p>En cumplimiento con el Plan de la Patria, explic\u00f3 P\u00e9rez, que trabajan en dos grandes transformaciones en beneficio de la ciudad y se enmarca dentro de la ordenanza en gesti\u00f3n ambiental, que es precisa. \u201cLos fiscales saldr\u00e1n a cumplir con las notificaciones, porque la intenci\u00f3n es conciliar para lograr tener a Maracaibo como la primera ciudad de Venezuela\u201d<\/p>\n\n\n\n<p>Miguel Silva, intendente del CPU, detall\u00f3 que se prev\u00e9 mantener la inspecci\u00f3n para cuantificar los terrenos abandonados o desocupados y convocar a los due\u00f1os para que expliquen o indiquen las acciones a tomar; fue enf\u00e1tico al se\u00f1alar que estos operativos ser\u00e1n constantes.<\/p>\n\n\n\n<p>\u201cVamos a devolverle la seguridad a la ciudadan\u00eda, con espacios renovados; \u00e1reas limpias en todas las parroquias del municipio Maracaibo, respetando el derecho de propiedad a quienes lo comprueben\u201d, agreg\u00f3 Oscar Urdaneta.<\/p>\n\n\n\n<p>Al respecto Leticia Huerta de Chango, gerente general del Sedemat, indic\u00f3 que hay un equipo multidisciplinario integrado a este plan conformado por el Sedemat, IMA, Cuerpo de Bomberos, Polimaracaibo y la Direcci\u00f3n Municipal de Comercio Exterior y Nacional, con la misi\u00f3n encomendada por el presidente Maduro al alcalde Di Martino, la necesaria transformaci\u00f3n de Maracaibo en una ciudad humanista.<br><strong><em>ET \/ Nota de Prensa<\/em><\/strong><\/p>\n","protected":false},"excerpt":{"rendered":"<p>ENTRE TORMENTAS. Un Plan Integral de Ordenamiento y Saneamiento Ambiental de la ciudad inici\u00f3 la&#8230;<\/p>\n","protected":false},"author":2,"featured_media":20628,"comment_status":"closed","ping_status":"open","sticky":false,"template":"","format":"standard","meta":{"footnotes":""},"categories":[57,1],"tags":[],"class_list":["post-20626","post","type-post","status-publish","format-standard","has-post-thumbnail","hentry","category-actualidad","category-regionales"],"_links":{"self":[{"href":"https:\/\/entretormentas.com\/index.php?rest_route=\/wp\/v2\/posts\/20626","targetHints":{"allow":["GET"]}}],"collection":[{"href":"https:\/\/entretormentas.com\/index.php?rest_route=\/wp\/v2\/posts"}],"about":[{"href":"https:\/\/entretormentas.com\/index.php?rest_route=\/wp\/v2\/types\/post"}],"author":[{"embeddable":true,"href":"https:\/\/entretormentas.com\/index.php?rest_route=\/wp\/v2\/users\/2"}],"replies":[{"embeddable":true,"href":"https:\/\/entretormentas.com\/index.php?rest_route=%2Fwp%2Fv2%2Fcomments&post=20626"}],"version-history":[{"count":1,"href":"https:\/\/entretormentas.com\/index.php?rest_route=\/wp\/v2\/posts\/20626\/revisions"}],"predecessor-version":[{"id":20629,"href":"https:\/\/entretormentas.com\/index.php?rest_route=\/wp\/v2\/posts\/20626\/revisions\/20629"}],"wp:featuredmedia":[{"embeddable":true,"href":"https:\/\/entretormentas.com\/index.php?rest_route=\/wp\/v2\/media\/20628"}],"wp:attachment":[{"href":"https:\/\/entretormentas.com\/index.php?rest_route=%2Fwp%2Fv2%2Fmedia&parent=20626"}],"wp:term":[{"taxonomy":"category","embeddable":true,"href":"https:\/\/entretormentas.com\/index.php?rest_route=%2Fwp%2Fv2%2Fcategories&post=20626"},{"taxonomy":"post_tag","embeddable":true,"href":"https:\/\/entretormentas.com\/index.php?rest_route=%2Fwp%2Fv2%2Ftags&post=20626"}],"curies":[{"name":"wp","href":"https:\/\/api.w.org\/{rel}","templated":true}]}}