{"id":20630,"date":"2025-08-19T10:37:37","date_gmt":"2025-08-19T08:37:37","guid":{"rendered":"https:\/\/entretormentas.com\/?p=20630"},"modified":"2025-08-19T10:37:38","modified_gmt":"2025-08-19T08:37:38","slug":"vicepresidenta-del-mas-a-latigo-y-decreto-no-se-resuelve-la-crisis-economica-del-pais","status":"publish","type":"post","link":"https:\/\/entretormentas.com\/vicepresidenta-del-mas-a-latigo-y-decreto-no-se-resuelve-la-crisis-economica-del-pais\/","title":{"rendered":"VICEPRESIDENTA DEL MAS: \u00abA l\u00e1tigo y decreto no se resuelve la crisis econ\u00f3mica del pa\u00eds\u00bb"},"content":{"rendered":"\n<p><strong>ENTRE TORMENTAS. <\/strong>Para la vicepresidenta del MAS, Mar\u00eda Verdeal, la alarmante situaci\u00f3n econ\u00f3mica y salarial de los trabajadores venezolanos no podr\u00e1 resolverse si el gobierno sigue evitando el di\u00e1logo para discutir la contrataci\u00f3n colectiva y dem\u00e1s beneficios laborales.<\/p>\n\n\n\n<p>\u00abLa imposici\u00f3n del Estado en su rol de patrono imposibilita hacer los correctivos necesarios para mejorar la calidad de vida de los trabajadores\u00bb.<\/p>\n\n\n\n<p>Record\u00f3 que al dejarse de lado lo que signific\u00f3 en un momento la figura tripartirta, se paraliz\u00f3 la discusi\u00f3n de la contrataci\u00f3n colectiva. El sector educativo acumula m\u00e1s de 1.200 d\u00edas sin aumento salarial y tampoco se han hecho ajustes en las tablas de la administraci\u00f3n p\u00fablica.<\/p>\n\n\n\n<p>\u201cLa econom\u00eda no se decreta ni se controla con un l\u00e1tigo. Los problemas se solucionan con pol\u00edticas estructurales de avanzada en materia econ\u00f3mica y no con un modelo fracasado y obsoleto\u201d.<\/p>\n\n\n\n<p>En aras de defender los derechos de todos los trabajadores venezolanos, Verdeal rechaz\u00f3 la pretensi\u00f3n de desaparecer las estructuras sindicales y que solo se mantengan las que est\u00e1n en manos del oficialismo.<\/p>\n\n\n\n<p>\u201cEs inconcebible que un ciudadano que est\u00e1 en el poder y que se hace llamar presidente obrero haya acabado con el salario, las pensiones y las jubilaciones de los trabajadores\u201d.<\/p>\n\n\n\n<p>La dirigente masista deplor\u00f3 que las pensiones se hayan convertido en \u00absal y agua\u201d, mientras que el monto creciente del d\u00f3lar oficial pulveriza el salario de los trabajadores. Todo esto sumado a la enorme crisis de los servicios de agua potable y electricidad, as\u00ed como al mal estado de las arterias viales. Se\u00f1al\u00f3 asimismo que situaci\u00f3n en el interior del pa\u00eds es m\u00e1s delicada debido a las lluvias y a la crecida del r\u00edo Orinoco que ha afectado seriamente a varios estados, entre ellos, M\u00e9rida, Trujillo y T\u00e1chira.<\/p>\n\n\n\n<p>\u00abUn sector espera acciones extranjeras en contra de Venezuela y el otro evita que eso se produzca, mientras que las dificultades ciudadanas en materia econ\u00f3mica y social avanzan diariamente. \u00bfCu\u00e1ndo se va a gobernar de verdad? \u00bfCu\u00e1ndo se ejercer\u00e1 el poder en beneficio de la poblaci\u00f3n y no para perseguir y seguir teniendo presos pol\u00edticos? \u00bfEl poder es para mantenerlo o para gobernar?\u00bb<\/p>\n\n\n\n<p>El MAS abog\u00f3 nuevamente por una amnist\u00eda general para lograr la pacificaci\u00f3n del pa\u00eds, condenando el esquema de puerta giratoria aplicado a los presos pol\u00edticos, donde se liberan a 2 y se encarcelan a 10 bajo la misma condici\u00f3n.<\/p>\n\n\n\n<p>\u00abEl gobierno condena el maltrato a los venezolanos que est\u00e1n detenidos en el exterior, pero puertas adentro irrespeta el debido proceso que incluye el derecho a la defensa y la presunci\u00f3n de inocencia\u00bb.<\/p>\n\n\n\n<p><strong>Elecciones en Bolivia<\/strong><br>Sobre las elecciones en Bolivia que se realizaron este domingo, la vicepresidenta del MAS enfatiz\u00f3 que la alternabilidad pol\u00edtica ocurre cuando hay democracia.<\/p>\n\n\n\n<p>\u201cSe va un gobierno de izquierda pero se abre la posibilidad de una doble vuelta para otro tipo de gobierno. Esto es lo transcendente en la alternabilidad del poder\u201d, finaliz\u00f3.<br><strong><em>ET \/ Prensa MAS<\/em><\/strong><\/p>\n\n\n\n<p><\/p>\n","protected":false},"excerpt":{"rendered":"<p>ENTRE TORMENTAS. Para la vicepresidenta del MAS, Mar\u00eda Verdeal, la alarmante situaci\u00f3n econ\u00f3mica y salarial&#8230;<\/p>\n","protected":false},"author":2,"featured_media":20631,"comment_status":"closed","ping_status":"open","sticky":false,"template":"","format":"standard","meta":{"footnotes":""},"categories":[56,49],"tags":[],"class_list":["post-20630","post","type-post","status-publish","format-standard","has-post-thumbnail","hentry","category-destacadas","category-nacionales"],"_links":{"self":[{"href":"https:\/\/entretormentas.com\/index.php?rest_route=\/wp\/v2\/posts\/20630","targetHints":{"allow":["GET"]}}],"collection":[{"href":"https:\/\/entretormentas.com\/index.php?rest_route=\/wp\/v2\/posts"}],"about":[{"href":"https:\/\/entretormentas.com\/index.php?rest_route=\/wp\/v2\/types\/post"}],"author":[{"embeddable":true,"href":"https:\/\/entretormentas.com\/index.php?rest_route=\/wp\/v2\/users\/2"}],"replies":[{"embeddable":true,"href":"https:\/\/entretormentas.com\/index.php?rest_route=%2Fwp%2Fv2%2Fcomments&post=20630"}],"version-history":[{"count":1,"href":"https:\/\/entretormentas.com\/index.php?rest_route=\/wp\/v2\/posts\/20630\/revisions"}],"predecessor-version":[{"id":20632,"href":"https:\/\/entretormentas.com\/index.php?rest_route=\/wp\/v2\/posts\/20630\/revisions\/20632"}],"wp:featuredmedia":[{"embeddable":true,"href":"https:\/\/entretormentas.com\/index.php?rest_route=\/wp\/v2\/media\/20631"}],"wp:attachment":[{"href":"https:\/\/entretormentas.com\/index.php?rest_route=%2Fwp%2Fv2%2Fmedia&parent=20630"}],"wp:term":[{"taxonomy":"category","embeddable":true,"href":"https:\/\/entretormentas.com\/index.php?rest_route=%2Fwp%2Fv2%2Fcategories&post=20630"},{"taxonomy":"post_tag","embeddable":true,"href":"https:\/\/entretormentas.com\/index.php?rest_route=%2Fwp%2Fv2%2Ftags&post=20630"}],"curies":[{"name":"wp","href":"https:\/\/api.w.org\/{rel}","templated":true}]}}