{"id":20637,"date":"2025-08-19T10:43:37","date_gmt":"2025-08-19T08:43:37","guid":{"rendered":"https:\/\/entretormentas.com\/?p=20637"},"modified":"2025-08-19T10:43:37","modified_gmt":"2025-08-19T08:43:37","slug":"peticion-solidaria-madres-venezolanas-envian-carta-a-melania-trump-clamando-liberacion-de-sus-hijos","status":"publish","type":"post","link":"https:\/\/entretormentas.com\/peticion-solidaria-madres-venezolanas-envian-carta-a-melania-trump-clamando-liberacion-de-sus-hijos\/","title":{"rendered":"\u00a1PETICI\u00d3N SOLIDARIA! Madres venezolanas env\u00edan carta a Melania Trump clamando liberaci\u00f3n de sus hijos"},"content":{"rendered":"\n<p><strong>ENTRE TORMENTAS. <\/strong>Un grupo de venezolanas, madres de venezolanos menores detenidos en EEUU en jornadas anti inmigratorias, dirigi\u00f3 una carta a la primera dama de EEUU, Melania Trump, inform\u00f3 Uni\u00f3n Radio.<\/p>\n\n\n\n<p>El Movimiento Madres Hero\u00ednas, indic\u00f3 que son 66 hijos, con edades comprendidas entre los cinco meses y los 17 a\u00f1os que han sido separados de sus madres durante vuelos de deportaci\u00f3n.<\/p>\n\n\n\n<p>\u00ab\u00bfPuede usted estar tranquila un minuto sin conocer el paradero de su hijo? \u00bfDormir\u00eda tranquila sin saber si comi\u00f3 o c\u00f3mo se siente? Nosotras no logramos avanzar sin tenerlos cerca\u201d, expresan estas madres y abuelas en la misiva.<\/p>\n\n\n\n<p>\u201cHoy levantamos nuestras voces en nombre de nuestras familias y del amor de madre, de la justicia, y de los derechos humanos, para pedir su atenci\u00f3n ante una tragedia que ha quedado oculta frente al despliegue de la pol\u00edtica contra migrantes en territorio de Estados Unidos que ignora el impacto que ha generado en el desmembramiento de familias enteras y se asienta a\u00fan m\u00e1s por la separaci\u00f3n de ni\u00f1os de sus madres\u201d, a\u00f1aden en el texto.<br><strong><em>ET \/ Uni\u00f3n Radio<\/em><\/strong><\/p>\n","protected":false},"excerpt":{"rendered":"<p>ENTRE TORMENTAS. Un grupo de venezolanas, madres de venezolanos menores detenidos en EEUU en jornadas&#8230;<\/p>\n","protected":false},"author":2,"featured_media":20638,"comment_status":"closed","ping_status":"open","sticky":false,"template":"","format":"standard","meta":{"footnotes":""},"categories":[56,49],"tags":[],"class_list":["post-20637","post","type-post","status-publish","format-standard","has-post-thumbnail","hentry","category-destacadas","category-nacionales"],"_links":{"self":[{"href":"https:\/\/entretormentas.com\/index.php?rest_route=\/wp\/v2\/posts\/20637","targetHints":{"allow":["GET"]}}],"collection":[{"href":"https:\/\/entretormentas.com\/index.php?rest_route=\/wp\/v2\/posts"}],"about":[{"href":"https:\/\/entretormentas.com\/index.php?rest_route=\/wp\/v2\/types\/post"}],"author":[{"embeddable":true,"href":"https:\/\/entretormentas.com\/index.php?rest_route=\/wp\/v2\/users\/2"}],"replies":[{"embeddable":true,"href":"https:\/\/entretormentas.com\/index.php?rest_route=%2Fwp%2Fv2%2Fcomments&post=20637"}],"version-history":[{"count":1,"href":"https:\/\/entretormentas.com\/index.php?rest_route=\/wp\/v2\/posts\/20637\/revisions"}],"predecessor-version":[{"id":20639,"href":"https:\/\/entretormentas.com\/index.php?rest_route=\/wp\/v2\/posts\/20637\/revisions\/20639"}],"wp:featuredmedia":[{"embeddable":true,"href":"https:\/\/entretormentas.com\/index.php?rest_route=\/wp\/v2\/media\/20638"}],"wp:attachment":[{"href":"https:\/\/entretormentas.com\/index.php?rest_route=%2Fwp%2Fv2%2Fmedia&parent=20637"}],"wp:term":[{"taxonomy":"category","embeddable":true,"href":"https:\/\/entretormentas.com\/index.php?rest_route=%2Fwp%2Fv2%2Fcategories&post=20637"},{"taxonomy":"post_tag","embeddable":true,"href":"https:\/\/entretormentas.com\/index.php?rest_route=%2Fwp%2Fv2%2Ftags&post=20637"}],"curies":[{"name":"wp","href":"https:\/\/api.w.org\/{rel}","templated":true}]}}