{"id":20646,"date":"2025-08-20T10:00:59","date_gmt":"2025-08-20T08:00:59","guid":{"rendered":"https:\/\/entretormentas.com\/?p=20646"},"modified":"2025-08-20T10:00:59","modified_gmt":"2025-08-20T08:00:59","slug":"en-la-calle-y-sin-respuestas-trabajadores-y-proveedores-de-multitienda-paga-poco-exigen-pagos-tras-cierre-y-despido-masivo","status":"publish","type":"post","link":"https:\/\/entretormentas.com\/en-la-calle-y-sin-respuestas-trabajadores-y-proveedores-de-multitienda-paga-poco-exigen-pagos-tras-cierre-y-despido-masivo\/","title":{"rendered":"\u00a1EN LA CALLE Y SIN RESPUESTAS! Trabajadores y proveedores de Multitienda Paga Poco exigen pagos tras cierre y despido masivo"},"content":{"rendered":"\n<p><strong>ENTRE TORMENTAS. <\/strong>Desde tempranas horas de la ma\u00f1ana de este martes 19 de agosto, un grupo de trabajadores y proveedores de la Multitienda Paga Poco, ubicada en Cumbres de Maracaibo del sector Los Plataneros, se apostaron frente al lugar para exigir la cancelaci\u00f3n de sus respectivas liquidaciones, tras el cierre imprevisto del local comercial.<\/p>\n\n\n\n<p>A trav\u00e9s de las redes sociales se public\u00f3 un video de los trabajadores y proveedores, donde detallan como han ocurrido las cosas. En el material audiovisual, Daniela Gonz\u00e1lez, quien era la encargada del Departamento de Recursos Humanos y en este momento es representate sindical de los trabajadores, manifest\u00f3 que tiene m\u00e1s de dos meses y medio que no le pagan su liquidaci\u00f3n. \u00abAs\u00ed como yo, hay muchos otros compa\u00f1eros que est\u00e1n en la misma circunstancia\u00bb.<\/p>\n\n\n\n<figure class=\"wp-block-image size-full\"><img fetchpriority=\"high\" decoding=\"async\" width=\"720\" height=\"576\" src=\"https:\/\/entretormentas.com\/wp-content\/uploads\/2025\/08\/PAGAPOCO2.jpg\" alt=\"\" class=\"wp-image-20647\" srcset=\"https:\/\/entretormentas.com\/wp-content\/uploads\/2025\/08\/PAGAPOCO2.jpg 720w, https:\/\/entretormentas.com\/wp-content\/uploads\/2025\/08\/PAGAPOCO2-300x240.jpg 300w\" sizes=\"(max-width: 720px) 100vw, 720px\" \/><\/figure>\n\n\n\n<p>Uno de los proveedores se pronunci\u00f3 en nombre de todos sus colegas que aportaron a con financiamiento a este establecimiento comercial. \u00abEstamos ac\u00e1 todos pidiendo informaci\u00f3n a la administraci\u00f3n, ya que tenemos m\u00e1s de un mes tratando de hablar con la se\u00f1ora Paola Cabral, que es la encargada del departamento de compra y su asistente, y no hemos tenido ning\u00fan tipo de respuesta\u00bb.<\/p>\n\n\n\n<p>Los empleados, entre los que hay padres y madres de familia y que ahora quedaron en la calle, denunciaron que este lunes 18 de agosto al culminar la jornada fueron informados de su \u00abdespido injustificado\u00bb, sin darles ning\u00fan tipo de informaci\u00f3n de la cancelaci\u00f3n de sus respectivas liquidaciones. Est\u00e1n dispuestos a mantener su protesta activa hasta lograr una respuesta sobre sus reivindicaciones salariales.<br><strong><em>ET \/ Gabriel Sthormes<\/em><\/strong><\/p>\n","protected":false},"excerpt":{"rendered":"<p>ENTRE TORMENTAS. Desde tempranas horas de la ma\u00f1ana de este martes 19 de agosto, un&#8230;<\/p>\n","protected":false},"author":2,"featured_media":20648,"comment_status":"closed","ping_status":"open","sticky":false,"template":"","format":"standard","meta":{"footnotes":""},"categories":[57,1],"tags":[],"class_list":["post-20646","post","type-post","status-publish","format-standard","has-post-thumbnail","hentry","category-actualidad","category-regionales"],"_links":{"self":[{"href":"https:\/\/entretormentas.com\/index.php?rest_route=\/wp\/v2\/posts\/20646","targetHints":{"allow":["GET"]}}],"collection":[{"href":"https:\/\/entretormentas.com\/index.php?rest_route=\/wp\/v2\/posts"}],"about":[{"href":"https:\/\/entretormentas.com\/index.php?rest_route=\/wp\/v2\/types\/post"}],"author":[{"embeddable":true,"href":"https:\/\/entretormentas.com\/index.php?rest_route=\/wp\/v2\/users\/2"}],"replies":[{"embeddable":true,"href":"https:\/\/entretormentas.com\/index.php?rest_route=%2Fwp%2Fv2%2Fcomments&post=20646"}],"version-history":[{"count":1,"href":"https:\/\/entretormentas.com\/index.php?rest_route=\/wp\/v2\/posts\/20646\/revisions"}],"predecessor-version":[{"id":20649,"href":"https:\/\/entretormentas.com\/index.php?rest_route=\/wp\/v2\/posts\/20646\/revisions\/20649"}],"wp:featuredmedia":[{"embeddable":true,"href":"https:\/\/entretormentas.com\/index.php?rest_route=\/wp\/v2\/media\/20648"}],"wp:attachment":[{"href":"https:\/\/entretormentas.com\/index.php?rest_route=%2Fwp%2Fv2%2Fmedia&parent=20646"}],"wp:term":[{"taxonomy":"category","embeddable":true,"href":"https:\/\/entretormentas.com\/index.php?rest_route=%2Fwp%2Fv2%2Fcategories&post=20646"},{"taxonomy":"post_tag","embeddable":true,"href":"https:\/\/entretormentas.com\/index.php?rest_route=%2Fwp%2Fv2%2Ftags&post=20646"}],"curies":[{"name":"wp","href":"https:\/\/api.w.org\/{rel}","templated":true}]}}