{"id":20650,"date":"2025-08-20T10:04:04","date_gmt":"2025-08-20T08:04:04","guid":{"rendered":"https:\/\/entretormentas.com\/?p=20650"},"modified":"2025-08-20T10:04:05","modified_gmt":"2025-08-20T08:04:05","slug":"siribsur-una-institucion-amiga-para-estudiantes-universitarios-en-san-francisco","status":"publish","type":"post","link":"https:\/\/entretormentas.com\/siribsur-una-institucion-amiga-para-estudiantes-universitarios-en-san-francisco\/","title":{"rendered":"SIRIBSUR: Una instituci\u00f3n amiga para estudiantes universitarios en San Francisco"},"content":{"rendered":"\n<p><strong>ENTRE TORMENTAS. <\/strong>La Sala Integral de Rehabilitaci\u00f3n Bolivariana del Sur (Siribsur), instituto respaldado por el Alcalde de San Francisco, H\u00e9ctor Soto, abri\u00f3 sus puertas a estudiantes de la Universidad Cat\u00f3lica Cecilio Acosta, quienes desarrollaron actividades recreativas a los ni\u00f1os y ni\u00f1as con discapacidad que reciben atenci\u00f3n en este espacio, como parte de su programa de pasant\u00edas y servicio comunitario.<\/p>\n\n\n\n<p>La Lcda. Karelly Aguirre, miembro del equipo de trabajo de Siribsur, precis\u00f3 que la sede est\u00e1 abierta para todos los estudiantes que deseen realizar actividades recreativas orientadas al bienestar de los ni\u00f1os en proceso de rehabilitaci\u00f3n. \u201cEstas actividades son integrales y permiten atender de manera especial a diferentes ni\u00f1os con discapacidad\u201d, se\u00f1al\u00f3.<\/p>\n\n\n\n<figure class=\"wp-block-image size-large\"><img fetchpriority=\"high\" decoding=\"async\" width=\"1024\" height=\"682\" src=\"https:\/\/entretormentas.com\/wp-content\/uploads\/2025\/08\/SIRIBSUR2-1024x682.jpg\" alt=\"\" class=\"wp-image-20651\" srcset=\"https:\/\/entretormentas.com\/wp-content\/uploads\/2025\/08\/SIRIBSUR2-1024x682.jpg 1024w, https:\/\/entretormentas.com\/wp-content\/uploads\/2025\/08\/SIRIBSUR2-300x200.jpg 300w, https:\/\/entretormentas.com\/wp-content\/uploads\/2025\/08\/SIRIBSUR2-768x511.jpg 768w, https:\/\/entretormentas.com\/wp-content\/uploads\/2025\/08\/SIRIBSUR2.jpg 1280w\" sizes=\"(max-width: 1024px) 100vw, 1024px\" \/><\/figure>\n\n\n\n<p>Aguirre destac\u00f3 la importancia de visibilizar a las personas con discapacidad desde un enfoque m\u00e1s humano. \u201cDebemos aprender a ser dolientes de estas realidades; se trata de un tema sensible y profundamente humanitario que va m\u00e1s all\u00e1 del simple sentir social\u201d, expres\u00f3. Asimismo, indic\u00f3 que los recintos acad\u00e9micos interesados en realizar actividades sociales en Siribsur pueden acercarse a la sede, ubicada en la calle 171 del municipio San Francisco, espec\u00edficamente en La Coromoto.<\/p>\n\n\n\n<p>Alexandra Portillo, estudiante de la Universidad Cat\u00f3lica Cecilio Acosta (UNICA), expres\u00f3 su agradecimiento al personal de Siribsur por la amabilidad con la que recibieron al grupo de servicio comunitario al que pertenece. \u201cLlegamos con el objetivo de regalar sonrisas a los ni\u00f1os y brindarles una ma\u00f1ana llena de diversi\u00f3n como parte de la culminaci\u00f3n de nuestras pr\u00e1cticas comunitarias\u201d, resalt\u00f3.<\/p>\n\n\n\n<p>Soireth Bravo, representante Siribsur, afirm\u00f3 estar \u201cagradecida con todos los servicios que recibe mi ni\u00f1o en esta instituci\u00f3n, con constancia podemos lograr los objetivos de nuestros hijos, la actividad de hoy estuvo genial, mi ni\u00f1o hoy est\u00e1 de cumplea\u00f1os y aqu\u00ed le celebraron su d\u00eda, gracias\u201d.<br><strong><em>ET \/ Nota de Prensa<\/em><\/strong><\/p>\n\n\n\n<p><\/p>\n","protected":false},"excerpt":{"rendered":"<p>ENTRE TORMENTAS. La Sala Integral de Rehabilitaci\u00f3n Bolivariana del Sur (Siribsur), instituto respaldado por el&#8230;<\/p>\n","protected":false},"author":2,"featured_media":20652,"comment_status":"closed","ping_status":"open","sticky":false,"template":"","format":"standard","meta":{"footnotes":""},"categories":[57,1],"tags":[],"class_list":["post-20650","post","type-post","status-publish","format-standard","has-post-thumbnail","hentry","category-actualidad","category-regionales"],"_links":{"self":[{"href":"https:\/\/entretormentas.com\/index.php?rest_route=\/wp\/v2\/posts\/20650","targetHints":{"allow":["GET"]}}],"collection":[{"href":"https:\/\/entretormentas.com\/index.php?rest_route=\/wp\/v2\/posts"}],"about":[{"href":"https:\/\/entretormentas.com\/index.php?rest_route=\/wp\/v2\/types\/post"}],"author":[{"embeddable":true,"href":"https:\/\/entretormentas.com\/index.php?rest_route=\/wp\/v2\/users\/2"}],"replies":[{"embeddable":true,"href":"https:\/\/entretormentas.com\/index.php?rest_route=%2Fwp%2Fv2%2Fcomments&post=20650"}],"version-history":[{"count":1,"href":"https:\/\/entretormentas.com\/index.php?rest_route=\/wp\/v2\/posts\/20650\/revisions"}],"predecessor-version":[{"id":20653,"href":"https:\/\/entretormentas.com\/index.php?rest_route=\/wp\/v2\/posts\/20650\/revisions\/20653"}],"wp:featuredmedia":[{"embeddable":true,"href":"https:\/\/entretormentas.com\/index.php?rest_route=\/wp\/v2\/media\/20652"}],"wp:attachment":[{"href":"https:\/\/entretormentas.com\/index.php?rest_route=%2Fwp%2Fv2%2Fmedia&parent=20650"}],"wp:term":[{"taxonomy":"category","embeddable":true,"href":"https:\/\/entretormentas.com\/index.php?rest_route=%2Fwp%2Fv2%2Fcategories&post=20650"},{"taxonomy":"post_tag","embeddable":true,"href":"https:\/\/entretormentas.com\/index.php?rest_route=%2Fwp%2Fv2%2Ftags&post=20650"}],"curies":[{"name":"wp","href":"https:\/\/api.w.org\/{rel}","templated":true}]}}