{"id":20654,"date":"2025-08-20T10:07:22","date_gmt":"2025-08-20T08:07:22","guid":{"rendered":"https:\/\/entretormentas.com\/?p=20654"},"modified":"2025-08-20T10:07:22","modified_gmt":"2025-08-20T08:07:22","slug":"primera-mesa-de-trabajo-primeras-damas-del-zulia-comprometidas-en-consolidar-politicas-sociales-en-la-region","status":"publish","type":"post","link":"https:\/\/entretormentas.com\/primera-mesa-de-trabajo-primeras-damas-del-zulia-comprometidas-en-consolidar-politicas-sociales-en-la-region\/","title":{"rendered":"\u00a1PRIMERA MESA DE TRABAJO! Primeras damas del Zulia comprometidas en consolidar pol\u00edticas sociales en la regi\u00f3n"},"content":{"rendered":"\n<p><strong>ENTRE TORMENTAS. <\/strong>Las primeras damas del Zulia, as\u00ed como las alcaldesas de la entidad, ratificaron su compromiso para consolidar las pol\u00edticas sociales en la regi\u00f3n, centrado en la cuarta transformaci\u00f3n del Plan de la Patria, que se refiere al bienestar social, la protecci\u00f3n de los derechos humanos, la inclusi\u00f3n social.<\/p>\n\n\n\n<p>\u201cEn esta primera mesa de trabajo reafirmamos nuestro compromiso de avanzar para el fortalecimiento de las pol\u00edticas sociales como parte de la 4ta. Transformaci\u00f3n, impulsada por el presidente Nicol\u00e1s Maduro\u201d, expres\u00f3 la primera Dama del Zulia, Roselyn L\u00f3pez de Caldera, quien encabez\u00f3 este encuentro realizado en la Residencia Oficial (RO).<\/p>\n\n\n\n<figure class=\"wp-block-image size-large\"><img fetchpriority=\"high\" decoding=\"async\" width=\"1024\" height=\"768\" src=\"https:\/\/entretormentas.com\/wp-content\/uploads\/2025\/08\/DAMAS2-1024x768.jpg\" alt=\"\" class=\"wp-image-20655\" srcset=\"https:\/\/entretormentas.com\/wp-content\/uploads\/2025\/08\/DAMAS2-1024x768.jpg 1024w, https:\/\/entretormentas.com\/wp-content\/uploads\/2025\/08\/DAMAS2-300x225.jpg 300w, https:\/\/entretormentas.com\/wp-content\/uploads\/2025\/08\/DAMAS2-768x576.jpg 768w, https:\/\/entretormentas.com\/wp-content\/uploads\/2025\/08\/DAMAS2.jpg 1280w\" sizes=\"(max-width: 1024px) 100vw, 1024px\" \/><\/figure>\n\n\n\n<p>L\u00f3pez de Caldera destac\u00f3 que con el apoyo del presidente Maduro y del gobernador del Zulia, Luis Caldera, se construye historia para la transformaci\u00f3n de la poblaci\u00f3n vulnerable de la entidad, para los ni\u00f1os, ni\u00f1as, adolescentes, adultos y adultas mayores.<\/p>\n\n\n\n<p>\u201cHacia ellos enviamos este mensaje alentador, motivador, de que las pol\u00edticas van a llegar en cada uno de nuestros territorios que conforman nuestra regi\u00f3n zuliana\u201d, apostill\u00f3 la primera Dama del Zulia.<br><strong><em>ET \/ Nota de Prensa<\/em><\/strong><\/p>\n","protected":false},"excerpt":{"rendered":"<p>ENTRE TORMENTAS. Las primeras damas del Zulia, as\u00ed como las alcaldesas de la entidad, ratificaron&#8230;<\/p>\n","protected":false},"author":2,"featured_media":20656,"comment_status":"closed","ping_status":"open","sticky":false,"template":"","format":"standard","meta":{"footnotes":""},"categories":[57,1],"tags":[],"class_list":["post-20654","post","type-post","status-publish","format-standard","has-post-thumbnail","hentry","category-actualidad","category-regionales"],"_links":{"self":[{"href":"https:\/\/entretormentas.com\/index.php?rest_route=\/wp\/v2\/posts\/20654","targetHints":{"allow":["GET"]}}],"collection":[{"href":"https:\/\/entretormentas.com\/index.php?rest_route=\/wp\/v2\/posts"}],"about":[{"href":"https:\/\/entretormentas.com\/index.php?rest_route=\/wp\/v2\/types\/post"}],"author":[{"embeddable":true,"href":"https:\/\/entretormentas.com\/index.php?rest_route=\/wp\/v2\/users\/2"}],"replies":[{"embeddable":true,"href":"https:\/\/entretormentas.com\/index.php?rest_route=%2Fwp%2Fv2%2Fcomments&post=20654"}],"version-history":[{"count":1,"href":"https:\/\/entretormentas.com\/index.php?rest_route=\/wp\/v2\/posts\/20654\/revisions"}],"predecessor-version":[{"id":20657,"href":"https:\/\/entretormentas.com\/index.php?rest_route=\/wp\/v2\/posts\/20654\/revisions\/20657"}],"wp:featuredmedia":[{"embeddable":true,"href":"https:\/\/entretormentas.com\/index.php?rest_route=\/wp\/v2\/media\/20656"}],"wp:attachment":[{"href":"https:\/\/entretormentas.com\/index.php?rest_route=%2Fwp%2Fv2%2Fmedia&parent=20654"}],"wp:term":[{"taxonomy":"category","embeddable":true,"href":"https:\/\/entretormentas.com\/index.php?rest_route=%2Fwp%2Fv2%2Fcategories&post=20654"},{"taxonomy":"post_tag","embeddable":true,"href":"https:\/\/entretormentas.com\/index.php?rest_route=%2Fwp%2Fv2%2Ftags&post=20654"}],"curies":[{"name":"wp","href":"https:\/\/api.w.org\/{rel}","templated":true}]}}