{"id":20662,"date":"2025-08-20T10:14:19","date_gmt":"2025-08-20T08:14:19","guid":{"rendered":"https:\/\/entretormentas.com\/?p=20662"},"modified":"2025-08-20T10:14:20","modified_gmt":"2025-08-20T08:14:20","slug":"en-la-ciudad-de-maracaibo-consejo-federal-de-gobierno-dicta-taller-de-formacion-a-55-promotores-sociales","status":"publish","type":"post","link":"https:\/\/entretormentas.com\/en-la-ciudad-de-maracaibo-consejo-federal-de-gobierno-dicta-taller-de-formacion-a-55-promotores-sociales\/","title":{"rendered":"\u00a1EN LA CIUDAD DE MARACAIBO! Consejo Federal de Gobierno dicta taller de formaci\u00f3n a 55 promotores sociales"},"content":{"rendered":"\n<p><strong>ENTRE TORMENTAS. <\/strong>Con el objetivo de optimizar la ejecuci\u00f3n de proyectos e impulsarlos en los 124 circuitos comunales de Maracaibo, el Consejo Federal de Gobierno ofreci\u00f3 un taller de formaci\u00f3n a 55 promotores sociales de la ciudad, para dar cumplimiento a la capacitaci\u00f3n de estos equipos que se incorporan al trabajo en cada comuna.<\/p>\n\n\n\n<p>El taller se desarroll\u00f3 en las instalaciones de Carbozulia y cont\u00f3 con la presencia del director general de la alcald\u00eda de Maracaibo, Arnoldo Olivares, el analista encargado del Consejo Federal de Gobierno (CFG) en el estado Zulia, Wilmer Hern\u00e1ndez, el director de Ingenier\u00eda Municipal, Helimenes Garc\u00eda y Beise Petit, directora para la Promoci\u00f3n y el Desarrollo del Poder Comunal de la alcald\u00eda de Maracaibo.<\/p>\n\n\n\n<figure class=\"wp-block-image size-large\"><img fetchpriority=\"high\" decoding=\"async\" width=\"1024\" height=\"682\" src=\"https:\/\/entretormentas.com\/wp-content\/uploads\/2025\/08\/CFG2-1024x682.jpg\" alt=\"\" class=\"wp-image-20663\" srcset=\"https:\/\/entretormentas.com\/wp-content\/uploads\/2025\/08\/CFG2-1024x682.jpg 1024w, https:\/\/entretormentas.com\/wp-content\/uploads\/2025\/08\/CFG2-300x200.jpg 300w, https:\/\/entretormentas.com\/wp-content\/uploads\/2025\/08\/CFG2-768x511.jpg 768w, https:\/\/entretormentas.com\/wp-content\/uploads\/2025\/08\/CFG2.jpg 1280w\" sizes=\"(max-width: 1024px) 100vw, 1024px\" \/><\/figure>\n\n\n\n<p>El alcalde de Maracaibo, Giancarlo Di Martino, inici\u00f3 este plan de formaci\u00f3n dirigido a los promotores de Desarrollo Social, recientemente nombrados e incorporados al trabajo comunitario en la ciudad, d\u00e1ndoles herramientas claves y efectivas para el fortalecimiento de la gesti\u00f3n de gobierno y agilizar la puesta en marcha de los distintos proyectos comunitarios, tal como fue su promesa electoral, de la mano del poder comunal.<\/p>\n\n\n\n<p>El analista encargado del CFG en el estado Zulia, Wilmer Hern\u00e1ndez, inform\u00f3 que este taller formativo dictado a los promotores designados por el alcalde Giancarlo Di Martino, \u201ces un verdadero ej\u00e9rcito que se desplegar\u00e1 por toda la ciudad. El objetivo principal es darles las herramientas necesarias para acompa\u00f1ar de manera efectiva a cada territorio y garantizar que los proyectos avancen sin contratiempos\u201d.<\/p>\n\n\n\n<p>Por su parte, Beise Petit, directora para la Promoci\u00f3n y el Desarrollo del Poder Comunal de la alcald\u00eda Bolivariana de Maracaibo, dijo que el alcalde Di Martino tom\u00f3 la decisi\u00f3n de formar equipos fuertes \u201cque ser\u00e1n nuestros ojos y garantes de que los procesos se den en los tiempos correspondientes. Acompa\u00f1ar\u00e1n los procesos org\u00e1nicos que deben desarrollarse dentro de las comunas, consejos comunales y circuitos, cumpliendo una funci\u00f3n amplia y estrat\u00e9gica en los territorios\u201d.<\/p>\n\n\n\n<figure class=\"wp-block-image size-large\"><img decoding=\"async\" width=\"1024\" height=\"682\" src=\"https:\/\/entretormentas.com\/wp-content\/uploads\/2025\/08\/CFG3-1024x682.jpg\" alt=\"\" class=\"wp-image-20664\" srcset=\"https:\/\/entretormentas.com\/wp-content\/uploads\/2025\/08\/CFG3-1024x682.jpg 1024w, https:\/\/entretormentas.com\/wp-content\/uploads\/2025\/08\/CFG3-300x200.jpg 300w, https:\/\/entretormentas.com\/wp-content\/uploads\/2025\/08\/CFG3-768x511.jpg 768w, https:\/\/entretormentas.com\/wp-content\/uploads\/2025\/08\/CFG3.jpg 1280w\" sizes=\"(max-width: 1024px) 100vw, 1024px\" \/><\/figure>\n\n\n\n<p>Edgar Nava, representante de la parroquia Francisco Eugenio Bustamante, se\u00f1al\u00f3 que es estos talleres les permiten llevar informaci\u00f3n clara y precisa a cada territorio y a cada circuito comunal. \u201cGracias al Consejo Federal de Gobierno, a nuestro gobernador Luis Caldera y a nuestro alcalde Giancarlo Di Martino por impulsar estas iniciativas\u201d.<\/p>\n\n\n\n<p>Con esta activa y entusiasta participaci\u00f3n de los promotores sociales en la jornada formativa se demuestra el compromiso y la disposici\u00f3n para aplicar los conocimientos adquiridos a fin de garantizar que los beneficios lleguen de forma planificada y equitativa a cada rinc\u00f3n de la ciudad, y ser ejemplo en la construcci\u00f3n de un nuevo modelo de gesti\u00f3n, poder comunal organizado con las autoridades municipales.<br><strong><em>ET \/ Nota de Prensa<\/em><\/strong><\/p>\n\n\n\n<p><\/p>\n","protected":false},"excerpt":{"rendered":"<p>ENTRE TORMENTAS. Con el objetivo de optimizar la ejecuci\u00f3n de proyectos e impulsarlos en los&#8230;<\/p>\n","protected":false},"author":2,"featured_media":20665,"comment_status":"closed","ping_status":"open","sticky":false,"template":"","format":"standard","meta":{"footnotes":""},"categories":[57,1],"tags":[],"class_list":["post-20662","post","type-post","status-publish","format-standard","has-post-thumbnail","hentry","category-actualidad","category-regionales"],"_links":{"self":[{"href":"https:\/\/entretormentas.com\/index.php?rest_route=\/wp\/v2\/posts\/20662","targetHints":{"allow":["GET"]}}],"collection":[{"href":"https:\/\/entretormentas.com\/index.php?rest_route=\/wp\/v2\/posts"}],"about":[{"href":"https:\/\/entretormentas.com\/index.php?rest_route=\/wp\/v2\/types\/post"}],"author":[{"embeddable":true,"href":"https:\/\/entretormentas.com\/index.php?rest_route=\/wp\/v2\/users\/2"}],"replies":[{"embeddable":true,"href":"https:\/\/entretormentas.com\/index.php?rest_route=%2Fwp%2Fv2%2Fcomments&post=20662"}],"version-history":[{"count":1,"href":"https:\/\/entretormentas.com\/index.php?rest_route=\/wp\/v2\/posts\/20662\/revisions"}],"predecessor-version":[{"id":20666,"href":"https:\/\/entretormentas.com\/index.php?rest_route=\/wp\/v2\/posts\/20662\/revisions\/20666"}],"wp:featuredmedia":[{"embeddable":true,"href":"https:\/\/entretormentas.com\/index.php?rest_route=\/wp\/v2\/media\/20665"}],"wp:attachment":[{"href":"https:\/\/entretormentas.com\/index.php?rest_route=%2Fwp%2Fv2%2Fmedia&parent=20662"}],"wp:term":[{"taxonomy":"category","embeddable":true,"href":"https:\/\/entretormentas.com\/index.php?rest_route=%2Fwp%2Fv2%2Fcategories&post=20662"},{"taxonomy":"post_tag","embeddable":true,"href":"https:\/\/entretormentas.com\/index.php?rest_route=%2Fwp%2Fv2%2Ftags&post=20662"}],"curies":[{"name":"wp","href":"https:\/\/api.w.org\/{rel}","templated":true}]}}