{"id":20674,"date":"2025-08-20T10:22:33","date_gmt":"2025-08-20T08:22:33","guid":{"rendered":"https:\/\/entretormentas.com\/?p=20674"},"modified":"2025-08-20T10:22:34","modified_gmt":"2025-08-20T08:22:34","slug":"segun-denuncia-de-maduro-hallan-unos-300-carros-y-motos-destruidos-en-un-estacionamiento-de-polimaracaibo","status":"publish","type":"post","link":"https:\/\/entretormentas.com\/segun-denuncia-de-maduro-hallan-unos-300-carros-y-motos-destruidos-en-un-estacionamiento-de-polimaracaibo\/","title":{"rendered":"\u00a1SEG\u00daN DENUNCIA DE MADURO! Hallan unos 300 carros y motos destruidos en un estacionamiento de Polimaracaibo"},"content":{"rendered":"\n<p><strong>ENTRE TORMENTAS. <\/strong>El presidente Nicol\u00e1s Maduro denunci\u00f3 que en los estacionamientos de la Alcald\u00eda de Maracaibo fueron encontrados al menos 300 carros y motos en estado de destrucci\u00f3n.<\/p>\n\n\n\n<p>El anuncio fue realizado este lunes 18 de agosto durante una transmisi\u00f3n por el canal Venezolana de Televisi\u00f3n (VTV), en horas de la tarde, en el marco de una reuni\u00f3n de trabajo con gobernadores y autoridades municipales del Estado.<\/p>\n\n\n\n<p>Durante el encuentro, estuvo presente el alcalde de Maracaibo, Gian Carlo Di Martino, a quien Maduro le orden\u00f3 iniciar la recuperaci\u00f3n de los veh\u00edculos.<\/p>\n\n\n\n<p>Asimismo, el mandatario instruy\u00f3 convertir la municipalidad en un instrumento de gobierno al servicio de los ciudadano.<br><strong><em>ET \/ VTV<\/em><\/strong><\/p>\n","protected":false},"excerpt":{"rendered":"<p>ENTRE TORMENTAS. El presidente Nicol\u00e1s Maduro denunci\u00f3 que en los estacionamientos de la Alcald\u00eda de&#8230;<\/p>\n","protected":false},"author":2,"featured_media":20675,"comment_status":"closed","ping_status":"open","sticky":false,"template":"","format":"standard","meta":{"footnotes":""},"categories":[57,1],"tags":[],"class_list":["post-20674","post","type-post","status-publish","format-standard","has-post-thumbnail","hentry","category-actualidad","category-regionales"],"_links":{"self":[{"href":"https:\/\/entretormentas.com\/index.php?rest_route=\/wp\/v2\/posts\/20674","targetHints":{"allow":["GET"]}}],"collection":[{"href":"https:\/\/entretormentas.com\/index.php?rest_route=\/wp\/v2\/posts"}],"about":[{"href":"https:\/\/entretormentas.com\/index.php?rest_route=\/wp\/v2\/types\/post"}],"author":[{"embeddable":true,"href":"https:\/\/entretormentas.com\/index.php?rest_route=\/wp\/v2\/users\/2"}],"replies":[{"embeddable":true,"href":"https:\/\/entretormentas.com\/index.php?rest_route=%2Fwp%2Fv2%2Fcomments&post=20674"}],"version-history":[{"count":1,"href":"https:\/\/entretormentas.com\/index.php?rest_route=\/wp\/v2\/posts\/20674\/revisions"}],"predecessor-version":[{"id":20676,"href":"https:\/\/entretormentas.com\/index.php?rest_route=\/wp\/v2\/posts\/20674\/revisions\/20676"}],"wp:featuredmedia":[{"embeddable":true,"href":"https:\/\/entretormentas.com\/index.php?rest_route=\/wp\/v2\/media\/20675"}],"wp:attachment":[{"href":"https:\/\/entretormentas.com\/index.php?rest_route=%2Fwp%2Fv2%2Fmedia&parent=20674"}],"wp:term":[{"taxonomy":"category","embeddable":true,"href":"https:\/\/entretormentas.com\/index.php?rest_route=%2Fwp%2Fv2%2Fcategories&post=20674"},{"taxonomy":"post_tag","embeddable":true,"href":"https:\/\/entretormentas.com\/index.php?rest_route=%2Fwp%2Fv2%2Ftags&post=20674"}],"curies":[{"name":"wp","href":"https:\/\/api.w.org\/{rel}","templated":true}]}}