{"id":20680,"date":"2025-08-20T10:27:22","date_gmt":"2025-08-20T08:27:22","guid":{"rendered":"https:\/\/entretormentas.com\/?p=20680"},"modified":"2025-08-20T10:27:23","modified_gmt":"2025-08-20T08:27:23","slug":"comunicado-oficial-cancilleria-venezolana-dice-que-amenazas-de-eeuu-ponen-en-riesgo-estabilidad-de-la-region","status":"publish","type":"post","link":"https:\/\/entretormentas.com\/comunicado-oficial-cancilleria-venezolana-dice-que-amenazas-de-eeuu-ponen-en-riesgo-estabilidad-de-la-region\/","title":{"rendered":"\u00a1COMUNICADO OFICIAL! Canciller\u00eda venezolana dice que \u00abamenazas\u00bb de EEUU ponen en riesgo estabilidad de la regi\u00f3n"},"content":{"rendered":"\n<p><strong>ENTRE TORMENTAS. <\/strong>El Gobierno de Venezuela asegur\u00f3 este martes que las \u00abamenazas\u00bb de Estados Unidos revelan su \u00abfalta de credibilidad\u00bb y ponen en riesgo la \u00abpaz y estabilidad\u00bb de toda la regi\u00f3n, luego de que Washington indicara que est\u00e1 preparado para \u00abusar todo su poder\u00bb para frenar el \u00abflujo de drogas hacia su pa\u00eds\u00bb.<\/p>\n\n\n\n<p>\u00abEstas amenazas no solo afectan a Venezuela, sino que ponen en riesgo la paz y estabilidad de toda la regi\u00f3n, incluyendo la Zona de Paz declarada por la CELAC (Comunidad de Estados Latinoamericanos y Caribe\u00f1o), espacio que promueve la soberan\u00eda y la cooperaci\u00f3n entre los pueblos latinoamericanos\u00bb, se\u00f1al\u00f3 la Canciller\u00eda de Caracas en un comunicado publicado en Telegram.<\/p>\n\n\n\n<p>La portavoz de la Casa Blanca, Karoline Leavitt, asegur\u00f3 este martes que Estados Unidos est\u00e1 preparado para \u00abusar todo su poder\u00bb para frenar el \u00abflujo de drogas hacia su pa\u00eds\u00bb, tras ser preguntada sobre el despliegue de tres buques con cuatro mil soldados en las aguas del Caribe cerca de Venezuela.<\/p>\n\n\n\n<figure class=\"wp-block-image size-full\"><img fetchpriority=\"high\" decoding=\"async\" width=\"677\" height=\"374\" src=\"https:\/\/entretormentas.com\/wp-content\/uploads\/2025\/08\/CANCI.jpg\" alt=\"\" class=\"wp-image-20681\" srcset=\"https:\/\/entretormentas.com\/wp-content\/uploads\/2025\/08\/CANCI.jpg 677w, https:\/\/entretormentas.com\/wp-content\/uploads\/2025\/08\/CANCI-300x166.jpg 300w\" sizes=\"(max-width: 677px) 100vw, 677px\" \/><\/figure>\n\n\n\n<p>Ante preguntas sobre el env\u00edo de las tropas, Leavitt respondi\u00f3 en una rueda de prensa que el presidente estadounidense, Donald Trump, \u00abest\u00e1 preparado\u00bb para frenar el narcotr\u00e1fico y \u00abllevar los responsables ante la Justicia\u00bb.<\/p>\n\n\n\n<p>\u00abEl r\u00e9gimen de (Nicol\u00e1s) Maduro no es el Gobierno leg\u00edtimo de Venezuela. Es un cartel del narcotr\u00e1fico, seg\u00fan la opini\u00f3n de esta Administraci\u00f3n. Maduro no es un presidente leg\u00edtimo. Es un l\u00edder fugitivo de este cartel, acusado en EEUU de tr\u00e1fico de drogas al pa\u00eds\u00bb, insisti\u00f3 Leavitt.<\/p>\n\n\n\n<p>Ante esto, el Ejecutivo oficialista sostuvo que observa con \u00abtotal claridad\u00bb la \u00abdesesperaci\u00f3n\u00bb de la Administraci\u00f3n estadounidense, que, asegur\u00f3, \u00abrecurre a amenazas y difamaciones\u00bb contra Venezuela.<\/p>\n\n\n\n<p>\u00abQue Washington acuse a Venezuela de narcotr\u00e1fico revela su falta de credibilidad y el fracaso de sus pol\u00edticas en la regi\u00f3n\u00bb, a\u00f1adi\u00f3.<\/p>\n\n\n\n<p>Asimismo, dijo que desde la salida en 2005 de la oficina de la Administraci\u00f3n de Control de Drogas (DEA, por sus siglas en ingl\u00e9s), \u00abVenezuela ha logrado resultados contundentes en la lucha contra el crimen organizado: capturas exitosas, desmantelamiento de redes y control efectivo de fronteras y costas, frutos del esfuerzo y compromiso\u00bb de sus instituciones.<\/p>\n\n\n\n<p>\u00abCada declaraci\u00f3n agresiva confirma la incapacidad del imperialismo para doblegar a un pueblo libre y soberano\u00bb, insisti\u00f3.<br><strong><em>ET \/ EFE<\/em><\/strong><\/p>\n\n\n\n<p><\/p>\n","protected":false},"excerpt":{"rendered":"<p>ENTRE TORMENTAS. El Gobierno de Venezuela asegur\u00f3 este martes que las \u00abamenazas\u00bb de Estados Unidos&#8230;<\/p>\n","protected":false},"author":2,"featured_media":20682,"comment_status":"closed","ping_status":"open","sticky":false,"template":"","format":"standard","meta":{"footnotes":""},"categories":[56,49],"tags":[],"class_list":["post-20680","post","type-post","status-publish","format-standard","has-post-thumbnail","hentry","category-destacadas","category-nacionales"],"_links":{"self":[{"href":"https:\/\/entretormentas.com\/index.php?rest_route=\/wp\/v2\/posts\/20680","targetHints":{"allow":["GET"]}}],"collection":[{"href":"https:\/\/entretormentas.com\/index.php?rest_route=\/wp\/v2\/posts"}],"about":[{"href":"https:\/\/entretormentas.com\/index.php?rest_route=\/wp\/v2\/types\/post"}],"author":[{"embeddable":true,"href":"https:\/\/entretormentas.com\/index.php?rest_route=\/wp\/v2\/users\/2"}],"replies":[{"embeddable":true,"href":"https:\/\/entretormentas.com\/index.php?rest_route=%2Fwp%2Fv2%2Fcomments&post=20680"}],"version-history":[{"count":1,"href":"https:\/\/entretormentas.com\/index.php?rest_route=\/wp\/v2\/posts\/20680\/revisions"}],"predecessor-version":[{"id":20683,"href":"https:\/\/entretormentas.com\/index.php?rest_route=\/wp\/v2\/posts\/20680\/revisions\/20683"}],"wp:featuredmedia":[{"embeddable":true,"href":"https:\/\/entretormentas.com\/index.php?rest_route=\/wp\/v2\/media\/20682"}],"wp:attachment":[{"href":"https:\/\/entretormentas.com\/index.php?rest_route=%2Fwp%2Fv2%2Fmedia&parent=20680"}],"wp:term":[{"taxonomy":"category","embeddable":true,"href":"https:\/\/entretormentas.com\/index.php?rest_route=%2Fwp%2Fv2%2Fcategories&post=20680"},{"taxonomy":"post_tag","embeddable":true,"href":"https:\/\/entretormentas.com\/index.php?rest_route=%2Fwp%2Fv2%2Ftags&post=20680"}],"curies":[{"name":"wp","href":"https:\/\/api.w.org\/{rel}","templated":true}]}}