{"id":20684,"date":"2025-08-20T10:30:11","date_gmt":"2025-08-20T08:30:11","guid":{"rendered":"https:\/\/entretormentas.com\/?p=20684"},"modified":"2025-08-20T10:30:12","modified_gmt":"2025-08-20T08:30:12","slug":"capturados-en-el-estado-sucre-cabello-asegura-que-detuvieron-a-cabecillas-de-planes-terroristas-en-plaza-venezuela","status":"publish","type":"post","link":"https:\/\/entretormentas.com\/capturados-en-el-estado-sucre-cabello-asegura-que-detuvieron-a-cabecillas-de-planes-terroristas-en-plaza-venezuela\/","title":{"rendered":"\u00a1CAPTURADOS EN EL ESTADO SUCRE! Cabello asegura que detuvieron a cabecillas de \u00abplanes terroristas\u00bb en Plaza Venezuela"},"content":{"rendered":"\n<p><strong>ENTRE TORMENTAS. <\/strong>El ministro de Interior y Justicia, Diosdado Cabello, inform\u00f3 este martes que fueron capturados en el estado Sucre los responsables de los planes terroristas en Plaza Venezuela.<\/p>\n\n\n\n<p>Cabello anunci\u00f3 que los sujetos, responsables en el suminsitro de explosivos para llevar a cabo los atentados en la zona caraque\u00f1a, responden a los nombres de Carlos Luis Arrieta M\u00e1rquez, alias el \u00abFlaco\u00bb y Arihadni Araujo Lozada, alias \u00abLa Negra\u00bb.<\/p>\n\n\n\n<figure class=\"wp-block-image size-full\"><img fetchpriority=\"high\" decoding=\"async\" width=\"768\" height=\"498\" src=\"https:\/\/entretormentas.com\/wp-content\/uploads\/2025\/08\/TERRO2.jpg\" alt=\"\" class=\"wp-image-20685\" srcset=\"https:\/\/entretormentas.com\/wp-content\/uploads\/2025\/08\/TERRO2.jpg 768w, https:\/\/entretormentas.com\/wp-content\/uploads\/2025\/08\/TERRO2-300x195.jpg 300w\" sizes=\"(max-width: 768px) 100vw, 768px\" \/><\/figure>\n\n\n\n<p>El titular de la cartera de Interior indic\u00f3 que alias el \u00abFlaco\u00bb era el responsable de construir los explosivos, mientras que la \u00abNegra\u00bb era \u00abintermediaria, contacto las bandas en Colombia, entrenadas en Colombia, fueron contactadas por esta persona\u00bb.<\/p>\n\n\n\n<p>Asimismo, fue incautado un arsenal de armas, \u00abesto es impresionante, la cantidad y el poder de fuego de estos armamentos\u00bb.<\/p>\n\n\n\n<p>\u00abEsto es totalmente mort\u00edfero y letal, ten\u00edan ametralladoras punto 50, para tumbar helic\u00f3pteros\u00bb, precis\u00f3 Cabello.<br><strong><em>ET \/ Agencias<\/em><\/strong><\/p>\n","protected":false},"excerpt":{"rendered":"<p>ENTRE TORMENTAS. El ministro de Interior y Justicia, Diosdado Cabello, inform\u00f3 este martes que fueron&#8230;<\/p>\n","protected":false},"author":2,"featured_media":20686,"comment_status":"closed","ping_status":"open","sticky":false,"template":"","format":"standard","meta":{"footnotes":""},"categories":[56,49],"tags":[],"class_list":["post-20684","post","type-post","status-publish","format-standard","has-post-thumbnail","hentry","category-destacadas","category-nacionales"],"_links":{"self":[{"href":"https:\/\/entretormentas.com\/index.php?rest_route=\/wp\/v2\/posts\/20684","targetHints":{"allow":["GET"]}}],"collection":[{"href":"https:\/\/entretormentas.com\/index.php?rest_route=\/wp\/v2\/posts"}],"about":[{"href":"https:\/\/entretormentas.com\/index.php?rest_route=\/wp\/v2\/types\/post"}],"author":[{"embeddable":true,"href":"https:\/\/entretormentas.com\/index.php?rest_route=\/wp\/v2\/users\/2"}],"replies":[{"embeddable":true,"href":"https:\/\/entretormentas.com\/index.php?rest_route=%2Fwp%2Fv2%2Fcomments&post=20684"}],"version-history":[{"count":1,"href":"https:\/\/entretormentas.com\/index.php?rest_route=\/wp\/v2\/posts\/20684\/revisions"}],"predecessor-version":[{"id":20687,"href":"https:\/\/entretormentas.com\/index.php?rest_route=\/wp\/v2\/posts\/20684\/revisions\/20687"}],"wp:featuredmedia":[{"embeddable":true,"href":"https:\/\/entretormentas.com\/index.php?rest_route=\/wp\/v2\/media\/20686"}],"wp:attachment":[{"href":"https:\/\/entretormentas.com\/index.php?rest_route=%2Fwp%2Fv2%2Fmedia&parent=20684"}],"wp:term":[{"taxonomy":"category","embeddable":true,"href":"https:\/\/entretormentas.com\/index.php?rest_route=%2Fwp%2Fv2%2Fcategories&post=20684"},{"taxonomy":"post_tag","embeddable":true,"href":"https:\/\/entretormentas.com\/index.php?rest_route=%2Fwp%2Fv2%2Ftags&post=20684"}],"curies":[{"name":"wp","href":"https:\/\/api.w.org\/{rel}","templated":true}]}}