{"id":20704,"date":"2025-08-21T10:17:52","date_gmt":"2025-08-21T08:17:52","guid":{"rendered":"https:\/\/entretormentas.com\/?p=20704"},"modified":"2025-08-21T10:17:53","modified_gmt":"2025-08-21T08:17:53","slug":"basados-en-el-valor-de-la-madre-tierra-cinco-pueblos-zulianos-celebran-el-dia-internacional-de-los-pueblos-indigenas","status":"publish","type":"post","link":"https:\/\/entretormentas.com\/basados-en-el-valor-de-la-madre-tierra-cinco-pueblos-zulianos-celebran-el-dia-internacional-de-los-pueblos-indigenas\/","title":{"rendered":"\u00a1BASADOS EN EL VALOR DE LA MADRE TIERRA! Cinco pueblos zulianos celebran el D\u00eda Internacional de los Pueblos Ind\u00edgenas"},"content":{"rendered":"\n<p><strong>ENTRE TORMENTAS.<\/strong> M\u00e1s de 200 personas pertenecientes a los cinco pueblos ind\u00edgenas que habitan en el estado Zulia, se concentraron en el Complejo Cient\u00edfico Cultural Sim\u00f3n Bol\u00edvar del municipio Mara, \u00abEl Planetario\u00bb, para conmemorar el D\u00eda Internacional de los Pueblos Ind\u00edgenas.<\/p>\n\n\n\n<p>La actividad estuvo organizada por la Direcci\u00f3n del Poder Popular para los Pueblos Ind\u00edgenas de la Alcald\u00eda de Mara, el Instituto Nacional de Idiomas Ind\u00edgenas Divisi\u00f3n Zulia, el Centro de Desarrollo para la Calidad Educativa del Zulia, Educaci\u00f3n Ind\u00edgena, Organizaci\u00f3n de Artesanos del municipio Mara y Escuela T\u00e9cnica Ecotur\u00edstica Cacique Nigale. El objetivo fue fortalecer la identidad y la cultura de los pueblos ind\u00edgenas, los programas de formaci\u00f3n comunitaria, Educaci\u00f3n Intercultural Biling\u00fce y promoci\u00f3n de saberes tradicionales.<\/p>\n\n\n\n<p>En el desarrollo de la actividad estuvieron presentes sabios, sabias y ni\u00f1os de los Nichos Etnoling\u00fc\u00edsticos, quienes expusieron la visi\u00f3n que tienen los pueblos ind\u00edgenas acerca de la tierra y su vinculaci\u00f3n directa en sus actividades cotidianas, coincidiendo todos en que la madre tierra representa la pervivencia de los pueblos ind\u00edgenas.<\/p>\n\n\n\n<figure class=\"wp-block-image size-large\"><img fetchpriority=\"high\" decoding=\"async\" width=\"1024\" height=\"768\" src=\"https:\/\/entretormentas.com\/wp-content\/uploads\/2025\/08\/indiindi2-1024x768.jpg\" alt=\"\" class=\"wp-image-20705\" srcset=\"https:\/\/entretormentas.com\/wp-content\/uploads\/2025\/08\/indiindi2-1024x768.jpg 1024w, https:\/\/entretormentas.com\/wp-content\/uploads\/2025\/08\/indiindi2-300x225.jpg 300w, https:\/\/entretormentas.com\/wp-content\/uploads\/2025\/08\/indiindi2-768x576.jpg 768w, https:\/\/entretormentas.com\/wp-content\/uploads\/2025\/08\/indiindi2.jpg 1280w\" sizes=\"(max-width: 1024px) 100vw, 1024px\" \/><\/figure>\n\n\n\n<p>Al respecto, Leonor Polanco, Jefa de Divisi\u00f3n del INIDI Zulia, expres\u00f3 que los pueblos ind\u00edgenas elaboran un calendario socioproductivo basado en el movimiento de traslaci\u00f3n enfocado en la siembra, pesca, recolecci\u00f3n de alimentos, danza, canto, artesan\u00eda, entre otras facetas sociales, coincidiendo as\u00ed con la apreciaci\u00f3n de los sabios ind\u00edgenas.<\/p>\n\n\n\n<p>Asimismo, fue juramentado un comit\u00e9 ind\u00edgena de la Gran Misi\u00f3n Madre Tierra Venezuela, iniciativa que tiene la finalifad de descontaminar el ambiente y el manejo sostenible de los desechos en el pa\u00eds con una visi\u00f3n ecosocialista para impulsar y difundir los valores de los pueblos originarios enfocados en el respeto a la naturaleza.<\/p>\n\n\n\n<p>El encuentro cont\u00f3 con la participaci\u00f3n de Elio Mor\u00e1n, representante de la Alcald\u00eda del municipio Mara; la profesora Luvis Torrealba del INIDI nivel Central; profesora Norelis Gonz\u00e1lez; profesora Neira Fern\u00e1ndez, representante del Ministerio del Poder Popular para los Pueblos Ind\u00edgenas; el profesor Francisco Gonz\u00e1lez, representante de la Universidad del Magisterio Samuel Robinson; Alejandra Tarazona de la Universidad Bolivariana de Venezuela; profesora Suhail Marin, Jefa del CDCE Maracaibo; profesor Lucas Fern\u00e1ndez, representante de la Secretaria de Educaci\u00f3n; licenciada Anny Higgins, Directora de la Gran Misi\u00f3n Venezuela Madre Tierra Sabia; escritora Marilin Echeto; profesora Oslanda Altuve, Directora de la Escuela Tecnica Cacique Nigale; diputada Dulce Moran, docentes de EIB, artesanos y concejales ind\u00edgenas.<br><strong><em>ET \/ Nota de Prensa<\/em><\/strong><\/p>\n","protected":false},"excerpt":{"rendered":"<p>ENTRE TORMENTAS. M\u00e1s de 200 personas pertenecientes a los cinco pueblos ind\u00edgenas que habitan en&#8230;<\/p>\n","protected":false},"author":2,"featured_media":20706,"comment_status":"closed","ping_status":"open","sticky":false,"template":"","format":"standard","meta":{"footnotes":""},"categories":[57,1],"tags":[],"class_list":["post-20704","post","type-post","status-publish","format-standard","has-post-thumbnail","hentry","category-actualidad","category-regionales"],"_links":{"self":[{"href":"https:\/\/entretormentas.com\/index.php?rest_route=\/wp\/v2\/posts\/20704","targetHints":{"allow":["GET"]}}],"collection":[{"href":"https:\/\/entretormentas.com\/index.php?rest_route=\/wp\/v2\/posts"}],"about":[{"href":"https:\/\/entretormentas.com\/index.php?rest_route=\/wp\/v2\/types\/post"}],"author":[{"embeddable":true,"href":"https:\/\/entretormentas.com\/index.php?rest_route=\/wp\/v2\/users\/2"}],"replies":[{"embeddable":true,"href":"https:\/\/entretormentas.com\/index.php?rest_route=%2Fwp%2Fv2%2Fcomments&post=20704"}],"version-history":[{"count":1,"href":"https:\/\/entretormentas.com\/index.php?rest_route=\/wp\/v2\/posts\/20704\/revisions"}],"predecessor-version":[{"id":20707,"href":"https:\/\/entretormentas.com\/index.php?rest_route=\/wp\/v2\/posts\/20704\/revisions\/20707"}],"wp:featuredmedia":[{"embeddable":true,"href":"https:\/\/entretormentas.com\/index.php?rest_route=\/wp\/v2\/media\/20706"}],"wp:attachment":[{"href":"https:\/\/entretormentas.com\/index.php?rest_route=%2Fwp%2Fv2%2Fmedia&parent=20704"}],"wp:term":[{"taxonomy":"category","embeddable":true,"href":"https:\/\/entretormentas.com\/index.php?rest_route=%2Fwp%2Fv2%2Fcategories&post=20704"},{"taxonomy":"post_tag","embeddable":true,"href":"https:\/\/entretormentas.com\/index.php?rest_route=%2Fwp%2Fv2%2Ftags&post=20704"}],"curies":[{"name":"wp","href":"https:\/\/api.w.org\/{rel}","templated":true}]}}