{"id":20711,"date":"2025-08-21T10:23:49","date_gmt":"2025-08-21T08:23:49","guid":{"rendered":"https:\/\/entretormentas.com\/?p=20711"},"modified":"2025-08-21T10:23:49","modified_gmt":"2025-08-21T08:23:49","slug":"en-las-siete-parroquias-san-francisco-renace-con-el-inicio-del-plan-cayapa-integral-de-los-servicios-publicos","status":"publish","type":"post","link":"https:\/\/entretormentas.com\/en-las-siete-parroquias-san-francisco-renace-con-el-inicio-del-plan-cayapa-integral-de-los-servicios-publicos\/","title":{"rendered":"\u00a1EN LAS SIETE PARROQUIAS! San Francisco renace con el Inicio del Plan Cayapa Integral de los Servicios P\u00fablicos"},"content":{"rendered":"\n<p><strong>ENTRE TORMENTAS. <\/strong>El Alcalde de San Francisco, H\u00e9ctor Soto, present\u00f3 ante el pueblo de San Francisco el Plan Cayapa Integral de los Servicios P\u00fablicos, iniciativa dise\u00f1ada para transformar el municipio y mejorar la calidad de vida de todos y todas encaminados a brindar un lugar de progreso, ordenado y limpio en las siete parroquias.<\/p>\n\n\n\n<p>Este plan integral, en su primera fase, va desde la avenida 48 del kil\u00f3metro 4 hasta (puente roto) v\u00eda La Ca\u00f1ada, contempla diferentes \u00e1reas con demarcaci\u00f3n, semaforizaci\u00f3n, se\u00f1alizaci\u00f3n, alumbrado p\u00fablico, recolecci\u00f3n de desechos s\u00f3lidos, asfaltado, todo enmarcado en un gran plan de gesti\u00f3n en estos primeros 100 d\u00edas de gobierno de la primera autoridad municipal.<\/p>\n\n\n\n<figure class=\"wp-block-image size-large\"><img fetchpriority=\"high\" decoding=\"async\" width=\"1024\" height=\"768\" src=\"https:\/\/entretormentas.com\/wp-content\/uploads\/2025\/08\/hectorsan2-1024x768.jpg\" alt=\"\" class=\"wp-image-20712\" srcset=\"https:\/\/entretormentas.com\/wp-content\/uploads\/2025\/08\/hectorsan2-1024x768.jpg 1024w, https:\/\/entretormentas.com\/wp-content\/uploads\/2025\/08\/hectorsan2-300x225.jpg 300w, https:\/\/entretormentas.com\/wp-content\/uploads\/2025\/08\/hectorsan2-768x576.jpg 768w, https:\/\/entretormentas.com\/wp-content\/uploads\/2025\/08\/hectorsan2.jpg 1280w\" sizes=\"(max-width: 1024px) 100vw, 1024px\" \/><\/figure>\n\n\n\n<p>\u201cEn esta nueva etapa nosotros vamos a demostrar que, a trav\u00e9s de la Fuerza Trabajadora, de los hermanos y hermanas que hacen vida en la Alcald\u00eda Bolivariana de San Francisco, vamos a lograr con mucha conciencia para que cada d\u00eda sea m\u00e1s pr\u00f3spera, m\u00e1s potencia y no tenemos duda que lograremos, construir un modelo de ciudad para toda Venezuela\u201d, dijo Soto rodeado del Poder Popular.<\/p>\n\n\n\n<p>El Plan Cayapa Integral inici\u00f3 con la limpieza total de un terreno ubicado en la avenida 48, adyacencias del transitado kil\u00f3metro 4, que se mantuvo bajo la m\u00e1s absoluta desidia gubernamental por parte de la administraci\u00f3n anterior. \u201cSiguiendo instrucciones del Presidente Constitucional Nicol\u00e1s Maduro, con el apoyo del Gobernador del Zulia, Luis Caldera, procedemos el d\u00eda de hoy a hacer un gran despliegue operativo en materia de servicios p\u00fablicos\u201d, explic\u00f3 el mandatario municipal.<\/p>\n\n\n\n<p>Como parte del Plan de Gesti\u00f3n 2025, en estos primeros 100 d\u00edas de gobierno, se prev\u00e9 abordar una ruta de trabajo a lo largo y ancho del municipio, entre lo que destaca la recolecci\u00f3n de desechos s\u00f3lidos, casa a casa, y la adecuaci\u00f3n de la vialidad de las distintas parroquias que conforman el municipio. \u201cGracias a nuestro Se\u00f1or Jesucristo vamos a lograr, sin lugar a dudas, esta meta porque estamos obrando por el camino del bien\u201d, exalt\u00f3.<br><strong><em>ET \/ Nota de Prensa<\/em><\/strong><\/p>\n\n\n\n<p><\/p>\n","protected":false},"excerpt":{"rendered":"<p>ENTRE TORMENTAS. El Alcalde de San Francisco, H\u00e9ctor Soto, present\u00f3 ante el pueblo de San&#8230;<\/p>\n","protected":false},"author":2,"featured_media":20713,"comment_status":"closed","ping_status":"open","sticky":false,"template":"","format":"standard","meta":{"footnotes":""},"categories":[57,1],"tags":[],"class_list":["post-20711","post","type-post","status-publish","format-standard","has-post-thumbnail","hentry","category-actualidad","category-regionales"],"_links":{"self":[{"href":"https:\/\/entretormentas.com\/index.php?rest_route=\/wp\/v2\/posts\/20711","targetHints":{"allow":["GET"]}}],"collection":[{"href":"https:\/\/entretormentas.com\/index.php?rest_route=\/wp\/v2\/posts"}],"about":[{"href":"https:\/\/entretormentas.com\/index.php?rest_route=\/wp\/v2\/types\/post"}],"author":[{"embeddable":true,"href":"https:\/\/entretormentas.com\/index.php?rest_route=\/wp\/v2\/users\/2"}],"replies":[{"embeddable":true,"href":"https:\/\/entretormentas.com\/index.php?rest_route=%2Fwp%2Fv2%2Fcomments&post=20711"}],"version-history":[{"count":1,"href":"https:\/\/entretormentas.com\/index.php?rest_route=\/wp\/v2\/posts\/20711\/revisions"}],"predecessor-version":[{"id":20714,"href":"https:\/\/entretormentas.com\/index.php?rest_route=\/wp\/v2\/posts\/20711\/revisions\/20714"}],"wp:featuredmedia":[{"embeddable":true,"href":"https:\/\/entretormentas.com\/index.php?rest_route=\/wp\/v2\/media\/20713"}],"wp:attachment":[{"href":"https:\/\/entretormentas.com\/index.php?rest_route=%2Fwp%2Fv2%2Fmedia&parent=20711"}],"wp:term":[{"taxonomy":"category","embeddable":true,"href":"https:\/\/entretormentas.com\/index.php?rest_route=%2Fwp%2Fv2%2Fcategories&post=20711"},{"taxonomy":"post_tag","embeddable":true,"href":"https:\/\/entretormentas.com\/index.php?rest_route=%2Fwp%2Fv2%2Ftags&post=20711"}],"curies":[{"name":"wp","href":"https:\/\/api.w.org\/{rel}","templated":true}]}}