{"id":20715,"date":"2025-08-21T10:27:02","date_gmt":"2025-08-21T08:27:02","guid":{"rendered":"https:\/\/entretormentas.com\/?p=20715"},"modified":"2025-08-21T10:27:03","modified_gmt":"2025-08-21T08:27:03","slug":"para-patologias-cardiacas-gobierno-inicia-plan-corazon-zuliano-con-la-atencion-de-80-pacientes","status":"publish","type":"post","link":"https:\/\/entretormentas.com\/para-patologias-cardiacas-gobierno-inicia-plan-corazon-zuliano-con-la-atencion-de-80-pacientes\/","title":{"rendered":"\u00a1PARA PATOLOGIAS CARD\u00cdACAS! Gobierno inicia Plan Coraz\u00f3n Zuliano con la atenci\u00f3n de 80 pacientes"},"content":{"rendered":"\n<p><strong>ENTRE TORMENTAS.<\/strong> Dando resoluci\u00f3n a los casos de 80 pacientes con patolog\u00edas cardiol\u00f3gicas, el gobernador del estado Zulia, Luis Caldera, lanz\u00f3 el plan de salud Coraz\u00f3n Zuliano que llevar\u00e1 adelante en convenio establecido con el Centro Cl\u00ednico Universitario La Sagrada Familia.<\/p>\n\n\n\n<p>El jefe del gobierno zuliano inform\u00f3 desde este centro, que en el inicio de este plan fueron atendidos el primer d\u00eda 11 pacientes, continuando hasta cumplir con los 80 ya captados en esta primera fase de resoluci\u00f3n de patolog\u00edas, en algunos casos que ameritan cateterismo, cateterismo con angioplastia y colocaci\u00f3n de Stent, entre otras.<\/p>\n\n\n\n<p>Coraz\u00f3n Zuliano se desarrollar\u00e1 en conjunto con el Gobierno del presidente Nicol\u00e1s Maduro, a trav\u00e9s del Ministerio del Poder Popular para la Salud y la Gobernaci\u00f3n del Zulia.<\/p>\n\n\n\n<p>Manifest\u00f3 el gobernador que los casos son atendidos por un equipo de expertos de la ciencia zuliana, coordinado por el doctor C\u00e9sar Perozo Wong, en este centro cl\u00ednico de referencia en la Cirug\u00eda de Cardiolog\u00eda a nivel internacional y nacional, bajo alianza con la Gobernaci\u00f3n.<\/p>\n\n\n\n<p>\u201cEn esta fase de caracterizaci\u00f3n de los casos hemos conseguido algunas complejidades, como unas que ameritan una revascularizaci\u00f3n, as\u00ed como otros de cirug\u00eda de coraz\u00f3n abierto\u201d, refiri\u00f3.<\/p>\n\n\n\n<figure class=\"wp-block-image size-large\"><img fetchpriority=\"high\" decoding=\"async\" width=\"1024\" height=\"683\" src=\"https:\/\/entretormentas.com\/wp-content\/uploads\/2025\/08\/lccorazon2-1024x683.jpg\" alt=\"\" class=\"wp-image-20716\" srcset=\"https:\/\/entretormentas.com\/wp-content\/uploads\/2025\/08\/lccorazon2-1024x683.jpg 1024w, https:\/\/entretormentas.com\/wp-content\/uploads\/2025\/08\/lccorazon2-300x200.jpg 300w, https:\/\/entretormentas.com\/wp-content\/uploads\/2025\/08\/lccorazon2-768x512.jpg 768w, https:\/\/entretormentas.com\/wp-content\/uploads\/2025\/08\/lccorazon2.jpg 1280w\" sizes=\"(max-width: 1024px) 100vw, 1024px\" \/><\/figure>\n\n\n\n<p>Revel\u00f3 que algunos de los pacientes, en entrevista previa, comentaron que ten\u00edan tiempo esperando para darle atenci\u00f3n a su problema de salud cardiol\u00f3gica, lo cual no lo hab\u00edan logrado por ser procesos quir\u00fargicos que a nivel mundial resultan costosos.<\/p>\n\n\n\n<p>\u201cCuando se une la ciencia, el prestigio y la disposici\u00f3n del Gobierno Bolivariano tenemos resultados completos\u201d, enfatiz\u00f3 el gobernador.<\/p>\n\n\n\n<p><strong>DESDE EL CORAZ\u00d3N<\/strong><br>Agradecidos, fortalecidos y esperanzados, los pacientes manifestaron que el presidente Nicol\u00e1s Maduro y el gobernador Caldera, trabajan incansablemente para cumplir con el pueblo y, en este caso en el \u00e1rea de salud cardiol\u00f3gica, que comprende equipos de alta tecnolog\u00eda, personal m\u00e9dico cient\u00edfico, que lo hace costoso.<\/p>\n\n\n\n<p>\u201cNosotros que no disponemos de recursos, estamos recibiendo este apoyo con respecto a la salud. El presidente y el gobernador est\u00e1n en campa\u00f1a, pero en campa\u00f1a de ayuda al pueblo y esto lo tiene que ver el mundo: un gobierno democr\u00e1tico que apoya al pueblo y que lo atiende gratuitamente a los enfermos\u201d, expres\u00f3 el paciente Carlos Gonz\u00e1lez.<\/p>\n\n\n\n<p>Jes\u00fas Bastidas se uni\u00f3 sumando que este plan es una labor social para todos. \u201cEn nuestro pa\u00eds todos valemos por igual, lo que se hace en Venezuela no se hace en ninguna parte del mundo. Nos han atendido como hermanos, como familia\u201d, afirm\u00f3 al agradecer a Dios por colocar al presidente y al gobernador para que le dieran apoyo para esta nueva oportunidad de vida.<br><strong><em>ET \/ Nota de Prensa<\/em><\/strong><\/p>\n\n\n\n<p><\/p>\n","protected":false},"excerpt":{"rendered":"<p>ENTRE TORMENTAS. Dando resoluci\u00f3n a los casos de 80 pacientes con patolog\u00edas cardiol\u00f3gicas, el gobernador&#8230;<\/p>\n","protected":false},"author":2,"featured_media":20717,"comment_status":"closed","ping_status":"open","sticky":false,"template":"","format":"standard","meta":{"footnotes":""},"categories":[57,1],"tags":[],"class_list":["post-20715","post","type-post","status-publish","format-standard","has-post-thumbnail","hentry","category-actualidad","category-regionales"],"_links":{"self":[{"href":"https:\/\/entretormentas.com\/index.php?rest_route=\/wp\/v2\/posts\/20715","targetHints":{"allow":["GET"]}}],"collection":[{"href":"https:\/\/entretormentas.com\/index.php?rest_route=\/wp\/v2\/posts"}],"about":[{"href":"https:\/\/entretormentas.com\/index.php?rest_route=\/wp\/v2\/types\/post"}],"author":[{"embeddable":true,"href":"https:\/\/entretormentas.com\/index.php?rest_route=\/wp\/v2\/users\/2"}],"replies":[{"embeddable":true,"href":"https:\/\/entretormentas.com\/index.php?rest_route=%2Fwp%2Fv2%2Fcomments&post=20715"}],"version-history":[{"count":1,"href":"https:\/\/entretormentas.com\/index.php?rest_route=\/wp\/v2\/posts\/20715\/revisions"}],"predecessor-version":[{"id":20718,"href":"https:\/\/entretormentas.com\/index.php?rest_route=\/wp\/v2\/posts\/20715\/revisions\/20718"}],"wp:featuredmedia":[{"embeddable":true,"href":"https:\/\/entretormentas.com\/index.php?rest_route=\/wp\/v2\/media\/20717"}],"wp:attachment":[{"href":"https:\/\/entretormentas.com\/index.php?rest_route=%2Fwp%2Fv2%2Fmedia&parent=20715"}],"wp:term":[{"taxonomy":"category","embeddable":true,"href":"https:\/\/entretormentas.com\/index.php?rest_route=%2Fwp%2Fv2%2Fcategories&post=20715"},{"taxonomy":"post_tag","embeddable":true,"href":"https:\/\/entretormentas.com\/index.php?rest_route=%2Fwp%2Fv2%2Ftags&post=20715"}],"curies":[{"name":"wp","href":"https:\/\/api.w.org\/{rel}","templated":true}]}}