{"id":20723,"date":"2025-08-21T10:36:05","date_gmt":"2025-08-21T08:36:05","guid":{"rendered":"https:\/\/entretormentas.com\/?p=20723"},"modified":"2025-08-21T10:36:06","modified_gmt":"2025-08-21T08:36:06","slug":"gobernador-caldera-y-alcalde-di-martino-entregan-10-ambulancias-al-cuerpo-de-bomberos-de-maracaibo-en-su-dia-fotos","status":"publish","type":"post","link":"https:\/\/entretormentas.com\/gobernador-caldera-y-alcalde-di-martino-entregan-10-ambulancias-al-cuerpo-de-bomberos-de-maracaibo-en-su-dia-fotos\/","title":{"rendered":"\u00a1GOBERNADOR CALDERA Y ALCALDE DI MARTINO! Entregan 10 ambulancias al Cuerpo de Bomberos de Maracaibo en su d\u00eda (+Fotos)"},"content":{"rendered":"\n<p><strong>ENTRE TORMENTAS. <\/strong>En el marco de la celebraci\u00f3n del D\u00eda Nacional del Bombero, este mi\u00e9rcoles 10 de agosto, el Gobierno del presidente Nicol\u00e1s Maduro entreg\u00f3 a la Alcald\u00eda de Maracaibo 10 ambulancias, que reforzar\u00e1n el trabajo de su cuerpo bomberil.<\/p>\n\n\n\n<p>La entrega de estos automotores de atenci\u00f3n a emergencias de salud, se llev\u00f3 a cabo en la Plazoleta de la Bas\u00edlica Nuestra Se\u00f1ora de la Chiquinquir\u00e1, tras una misa de acci\u00f3n de gracias oficiada por el presb\u00edtero Nedward Andrade, con la presencia del gobernador del Zulia, Luis Caldera, y el alcalde de Maracaibo Gian Carlo Di Martino, acompa\u00f1ados de los h\u00e9roes de azul.<\/p>\n\n\n\n<figure class=\"wp-block-image size-large\"><img fetchpriority=\"high\" decoding=\"async\" width=\"1024\" height=\"683\" src=\"https:\/\/entretormentas.com\/wp-content\/uploads\/2025\/08\/bomberil2-1024x683.jpg\" alt=\"\" class=\"wp-image-20724\" srcset=\"https:\/\/entretormentas.com\/wp-content\/uploads\/2025\/08\/bomberil2-1024x683.jpg 1024w, https:\/\/entretormentas.com\/wp-content\/uploads\/2025\/08\/bomberil2-300x200.jpg 300w, https:\/\/entretormentas.com\/wp-content\/uploads\/2025\/08\/bomberil2-768x512.jpg 768w, https:\/\/entretormentas.com\/wp-content\/uploads\/2025\/08\/bomberil2.jpg 1280w\" sizes=\"(max-width: 1024px) 100vw, 1024px\" \/><\/figure>\n\n\n\n<p>El gobernador Caldera manifest\u00f3 que, con la entrega de estas ambulancias totalmente nuevas, el Zulia llega a 23 de estas, para apoyar al sistema de referencia y contrarreferencia del Sistema P\u00fablico Nacional de Salud, as\u00ed como la atenci\u00f3n de emergencias en el caso de accidentes o incendios, entre otras contingencias en las que sean necesarias.<\/p>\n\n\n\n<p>\u201cAcompa\u00f1amos a nuestro alcalde Gian Carlo Di Martino y al general Engelberth Atencio, en esta nueva fase del Cuerpo de Bomberos de Maracaibo que, sin dudas, tiene un peso espec\u00edfico en toda la zona metropolitana y coordina con los Bomberos de San Francisco y del municipio Mara\u201d, expres\u00f3 el mandatario zuliano.<\/p>\n\n\n\n<p><strong>DOS NUEVOS CUERPOS<\/strong><br>Caldera anunci\u00f3 la creaci\u00f3n de los Cuerpos de Bomberos de los municipios Guajira y Almirante Padilla, lo que permitir\u00e1 que los 21 municipios zulianos cuenten con su propio cuerpo de rescate.<\/p>\n\n\n\n<figure class=\"wp-block-image size-large\"><img decoding=\"async\" width=\"1024\" height=\"682\" src=\"https:\/\/entretormentas.com\/wp-content\/uploads\/2025\/08\/bomberil3-1024x682.jpg\" alt=\"\" class=\"wp-image-20725\" srcset=\"https:\/\/entretormentas.com\/wp-content\/uploads\/2025\/08\/bomberil3-1024x682.jpg 1024w, https:\/\/entretormentas.com\/wp-content\/uploads\/2025\/08\/bomberil3-300x200.jpg 300w, https:\/\/entretormentas.com\/wp-content\/uploads\/2025\/08\/bomberil3-768x512.jpg 768w, https:\/\/entretormentas.com\/wp-content\/uploads\/2025\/08\/bomberil3.jpg 1280w\" sizes=\"(max-width: 1024px) 100vw, 1024px\" \/><\/figure>\n\n\n\n<p>\u201cSolo 19 municipios dispon\u00edan de este servicio, mediante la gesti\u00f3n entre la profesora Mar\u00eda Elena Beltr\u00e1n, alcaldesa del Municipio Guajira, y el educador Marlon D\u00edaz, alcalde del Municipio Almirante Padilla, junto al Sistema Nacional de Prevenci\u00f3n y Riesgo y el ministro Diosdado Cabello se logr\u00f3 dar un paso hist\u00f3rico para la seguridad de estas zonas fronterizas\u201d, agreg\u00f3<\/p>\n\n\n\n<p><strong>COMPENSAR DEFICIENCIAS<\/strong><br>Por su parte, el alcalde de Maracaibo, Di Martino, agradeci\u00f3 al presidente Nicol\u00e1s Maduro y al gobernador Caldera, quien \u201cabri\u00f3 caminos para que llegar\u00e1n a Maracaibo estas unidades\u201d. Indic\u00f3 que est\u00e1s no solo fortalecer\u00e1n a la capital zuliana, sino que est\u00e1n a disposici\u00f3n de la Gobernaci\u00f3n del Zulia.<\/p>\n\n\n\n<figure class=\"wp-block-image size-large\"><img decoding=\"async\" width=\"1024\" height=\"682\" src=\"https:\/\/entretormentas.com\/wp-content\/uploads\/2025\/08\/bomberil4-1024x682.jpg\" alt=\"\" class=\"wp-image-20726\" srcset=\"https:\/\/entretormentas.com\/wp-content\/uploads\/2025\/08\/bomberil4-1024x682.jpg 1024w, https:\/\/entretormentas.com\/wp-content\/uploads\/2025\/08\/bomberil4-300x200.jpg 300w, https:\/\/entretormentas.com\/wp-content\/uploads\/2025\/08\/bomberil4-768x512.jpg 768w, https:\/\/entretormentas.com\/wp-content\/uploads\/2025\/08\/bomberil4.jpg 1280w\" sizes=\"(max-width: 1024px) 100vw, 1024px\" \/><\/figure>\n\n\n\n<p>\u201cEstas ambulancias ser\u00e1n puestas al servicio de la gente para compensar las deficiencias que encontramos al llegar, no solo a nivel de infraestructura sino tambi\u00e9n social. Este es un granito de arena que hemos logrado en coordinaci\u00f3n con el Gobierno nacional y el Gobierno regional\u201d, expres\u00f3 Di Martino.<\/p>\n\n\n\n<figure class=\"wp-block-image size-large\"><img loading=\"lazy\" decoding=\"async\" width=\"1024\" height=\"683\" src=\"https:\/\/entretormentas.com\/wp-content\/uploads\/2025\/08\/bomberil5-1024x683.jpg\" alt=\"\" class=\"wp-image-20727\" srcset=\"https:\/\/entretormentas.com\/wp-content\/uploads\/2025\/08\/bomberil5-1024x683.jpg 1024w, https:\/\/entretormentas.com\/wp-content\/uploads\/2025\/08\/bomberil5-300x200.jpg 300w, https:\/\/entretormentas.com\/wp-content\/uploads\/2025\/08\/bomberil5-768x512.jpg 768w, https:\/\/entretormentas.com\/wp-content\/uploads\/2025\/08\/bomberil5.jpg 1280w\" sizes=\"(max-width: 1024px) 100vw, 1024px\" \/><\/figure>\n\n\n\n<p>El alcalde marabino resalt\u00f3 el trabajo conjunto entre los gobiernos nacional, regional y municipal para satisfacer las necesidades del pueblo, destac\u00f3 que con est\u00e1s 10 ambulancias, la capital zuliana cuenta con 14 para la atenci\u00f3n de las comunidades.<br><strong><em>ET \/ Nota de Prensa<\/em><\/strong><\/p>\n\n\n\n<p><\/p>\n","protected":false},"excerpt":{"rendered":"<p>ENTRE TORMENTAS. En el marco de la celebraci\u00f3n del D\u00eda Nacional del Bombero, este mi\u00e9rcoles&#8230;<\/p>\n","protected":false},"author":2,"featured_media":20728,"comment_status":"closed","ping_status":"open","sticky":false,"template":"","format":"standard","meta":{"footnotes":""},"categories":[57,1],"tags":[],"class_list":["post-20723","post","type-post","status-publish","format-standard","has-post-thumbnail","hentry","category-actualidad","category-regionales"],"_links":{"self":[{"href":"https:\/\/entretormentas.com\/index.php?rest_route=\/wp\/v2\/posts\/20723","targetHints":{"allow":["GET"]}}],"collection":[{"href":"https:\/\/entretormentas.com\/index.php?rest_route=\/wp\/v2\/posts"}],"about":[{"href":"https:\/\/entretormentas.com\/index.php?rest_route=\/wp\/v2\/types\/post"}],"author":[{"embeddable":true,"href":"https:\/\/entretormentas.com\/index.php?rest_route=\/wp\/v2\/users\/2"}],"replies":[{"embeddable":true,"href":"https:\/\/entretormentas.com\/index.php?rest_route=%2Fwp%2Fv2%2Fcomments&post=20723"}],"version-history":[{"count":1,"href":"https:\/\/entretormentas.com\/index.php?rest_route=\/wp\/v2\/posts\/20723\/revisions"}],"predecessor-version":[{"id":20729,"href":"https:\/\/entretormentas.com\/index.php?rest_route=\/wp\/v2\/posts\/20723\/revisions\/20729"}],"wp:featuredmedia":[{"embeddable":true,"href":"https:\/\/entretormentas.com\/index.php?rest_route=\/wp\/v2\/media\/20728"}],"wp:attachment":[{"href":"https:\/\/entretormentas.com\/index.php?rest_route=%2Fwp%2Fv2%2Fmedia&parent=20723"}],"wp:term":[{"taxonomy":"category","embeddable":true,"href":"https:\/\/entretormentas.com\/index.php?rest_route=%2Fwp%2Fv2%2Fcategories&post=20723"},{"taxonomy":"post_tag","embeddable":true,"href":"https:\/\/entretormentas.com\/index.php?rest_route=%2Fwp%2Fv2%2Ftags&post=20723"}],"curies":[{"name":"wp","href":"https:\/\/api.w.org\/{rel}","templated":true}]}}