{"id":20740,"date":"2025-08-21T10:45:02","date_gmt":"2025-08-21T08:45:02","guid":{"rendered":"https:\/\/entretormentas.com\/?p=20740"},"modified":"2025-08-21T10:45:03","modified_gmt":"2025-08-21T08:45:03","slug":"aclaratoria-global-ministro-colombiano-descarta-acuerdo-militar-por-zona-binacional-con-venezuela","status":"publish","type":"post","link":"https:\/\/entretormentas.com\/aclaratoria-global-ministro-colombiano-descarta-acuerdo-militar-por-zona-binacional-con-venezuela\/","title":{"rendered":"\u00a1ACLARATORIA GLOBAL! Ministro colombiano descarta acuerdo militar por zona binacional con Venezuela"},"content":{"rendered":"\n<p><strong>ENTRE TORMENTAS.<\/strong> Ante la Comisi\u00f3n de Ordenamiento Territorial de la C\u00e1mara de Representantes, el ministro del Interior Armando Benedetti, descart\u00f3 que el acuerdo binacional entre Colombia y Venezuela con el cual se crea una zona comercial en parte de la frontera, tenga que ver con fines militares.<\/p>\n\n\n\n<p>\u201cQuiero dejar claro, con base en la parte que yo vi en la intervenci\u00f3n del viceministro del Comercio Exterior, es que aqu\u00ed no hay nada, ning\u00fan acuerdo militar, ni de ceder terreno, ni siquiera de cooperaci\u00f3n conjunta militar\u201d, afirm\u00f3 el jefe de la cartera pol\u00edtica.<\/p>\n\n\n\n<p>Durante su intervenci\u00f3n, Benedetti hizo alusi\u00f3n a tres \u201ctesis\u201d, que seg\u00fan \u00e9l, se hab\u00edan dado a conocer cuando se revel\u00f3 la creaci\u00f3n de la obra binacional y que de acuerdo con sus argumentos, son err\u00f3neas.<\/p>\n\n\n\n<p>\u201cNo hay absolutamente rastro de que haya evidencia de que eso sucede, como algunas personas en los medios de opini\u00f3n salieron a decir, que era que se estaba entregando territorio, o que se estaba hablando de una cooperaci\u00f3n militar, o algo m\u00e1s, que era para enfrentar a una supuesta invasi\u00f3n que pueda hacer Estados Unidos al territorio venezolano. Ninguna de las tres tesis, ninguna de las tres situaciones est\u00e1 dentro de lo que se contempla\u201d, afirm\u00f3 el ministro.<\/p>\n\n\n\n<p>Por el contrario fue enf\u00e1tico en asegurar que el acuerdo ser\u00e1 garant\u00eda para la atenci\u00f3n de la poblaci\u00f3n fronteriza en temas sociales y de formaci\u00f3n para las comunidades.<\/p>\n\n\n\n<p>\u201cS\u00ed tiene que ver con el tema de educaci\u00f3n, s\u00ed tiene que ver con el tema de salud, s\u00ed tiene que ver con el tema del comercio, la migraci\u00f3n, y solo hasta ah\u00ed. Ni siquiera, ni siquiera actividades militares conjuntas, ni siquiera para eso\u201d, puntualiz\u00f3 Armando Benedetti ante la Comisi\u00f3n.<br><strong><em>ET \/ Agencias<\/em><\/strong><\/p>\n","protected":false},"excerpt":{"rendered":"<p>ENTRE TORMENTAS. Ante la Comisi\u00f3n de Ordenamiento Territorial de la C\u00e1mara de Representantes, el ministro&#8230;<\/p>\n","protected":false},"author":2,"featured_media":20741,"comment_status":"closed","ping_status":"open","sticky":false,"template":"","format":"standard","meta":{"footnotes":""},"categories":[56,48],"tags":[],"class_list":["post-20740","post","type-post","status-publish","format-standard","has-post-thumbnail","hentry","category-destacadas","category-internacionales"],"_links":{"self":[{"href":"https:\/\/entretormentas.com\/index.php?rest_route=\/wp\/v2\/posts\/20740","targetHints":{"allow":["GET"]}}],"collection":[{"href":"https:\/\/entretormentas.com\/index.php?rest_route=\/wp\/v2\/posts"}],"about":[{"href":"https:\/\/entretormentas.com\/index.php?rest_route=\/wp\/v2\/types\/post"}],"author":[{"embeddable":true,"href":"https:\/\/entretormentas.com\/index.php?rest_route=\/wp\/v2\/users\/2"}],"replies":[{"embeddable":true,"href":"https:\/\/entretormentas.com\/index.php?rest_route=%2Fwp%2Fv2%2Fcomments&post=20740"}],"version-history":[{"count":1,"href":"https:\/\/entretormentas.com\/index.php?rest_route=\/wp\/v2\/posts\/20740\/revisions"}],"predecessor-version":[{"id":20742,"href":"https:\/\/entretormentas.com\/index.php?rest_route=\/wp\/v2\/posts\/20740\/revisions\/20742"}],"wp:featuredmedia":[{"embeddable":true,"href":"https:\/\/entretormentas.com\/index.php?rest_route=\/wp\/v2\/media\/20741"}],"wp:attachment":[{"href":"https:\/\/entretormentas.com\/index.php?rest_route=%2Fwp%2Fv2%2Fmedia&parent=20740"}],"wp:term":[{"taxonomy":"category","embeddable":true,"href":"https:\/\/entretormentas.com\/index.php?rest_route=%2Fwp%2Fv2%2Fcategories&post=20740"},{"taxonomy":"post_tag","embeddable":true,"href":"https:\/\/entretormentas.com\/index.php?rest_route=%2Fwp%2Fv2%2Ftags&post=20740"}],"curies":[{"name":"wp","href":"https:\/\/api.w.org\/{rel}","templated":true}]}}