{"id":20746,"date":"2025-08-22T00:13:01","date_gmt":"2025-08-21T22:13:01","guid":{"rendered":"https:\/\/entretormentas.com\/?p=20746"},"modified":"2025-08-22T00:13:02","modified_gmt":"2025-08-21T22:13:02","slug":"nuevo-rostro-para-la-ciudad-alcaldia-de-maracaibo-avanza-en-la-recuperacion-de-cementerios-de-la-ciudad","status":"publish","type":"post","link":"https:\/\/entretormentas.com\/nuevo-rostro-para-la-ciudad-alcaldia-de-maracaibo-avanza-en-la-recuperacion-de-cementerios-de-la-ciudad\/","title":{"rendered":"\u00a1NUEVO ROSTRO PARA LA CIUDAD! Alcald\u00eda de Maracaibo avanza en la recuperaci\u00f3n de cementerios de la ciudad"},"content":{"rendered":"\n<p><strong>ENTRE TORMENTAS.<\/strong> El alcalde de Maracaibo, Giancarlo Di Martino, contin\u00faa avanzando en la recuperaci\u00f3n de los espacios de la ciudad, entre ellos los cementerios que se encontraban en un verdadero estado deplorable, siendo focos para la ocurrencia de delitos.<\/p>\n\n\n\n<p>Los marabinos ya pueden ver el cambio en los camposantos donde reposan sus seres queridos, gracias a los trabajos que a trav\u00e9s del Servicio Desconcentrado de Cementerios Municipales de Maracaibo (SEDECEMA), se vienen desarrollando con el plan de recuperaci\u00f3n y embellecimiento de los cementerios de la ciudad.<\/p>\n\n\n\n<p>Alfonso Cede\u00f1o, presidente del SEDECEMA, dijo que esta semana se realiz\u00f3 una visita de inspecci\u00f3n al Cementerio San Sebasti\u00e1n para verificar su estado y comenzar en la intervenci\u00f3n de desmalezamiento, poda de altura, recolecci\u00f3n de desechos s\u00f3lidos y pintura.<\/p>\n\n\n\n<figure class=\"wp-block-image size-full\"><img fetchpriority=\"high\" decoding=\"async\" width=\"720\" height=\"865\" src=\"https:\/\/entretormentas.com\/wp-content\/uploads\/2025\/08\/dicemen2.jpg\" alt=\"\" class=\"wp-image-20747\" srcset=\"https:\/\/entretormentas.com\/wp-content\/uploads\/2025\/08\/dicemen2.jpg 720w, https:\/\/entretormentas.com\/wp-content\/uploads\/2025\/08\/dicemen2-250x300.jpg 250w\" sizes=\"(max-width: 720px) 100vw, 720px\" \/><\/figure>\n\n\n\n<p>Igualmente inform\u00f3 que en el Cementerio San Jos\u00e9 las cuadrillas municipales ejecutaron un intenso trabajo de recolecci\u00f3n de 4 toneladas de desechos, saneamiento y pintura en el interior del cementerio, contribuyendo a la recuperaci\u00f3n de este espacio.<\/p>\n\n\n\n<p>Indic\u00f3 que siguiendo las instrucciones del alcalde Di Martino, las labores tambi\u00e9n se extendieron al Cementerio Sagrado Coraz\u00f3n de Jes\u00fas, ubicado en la avenida La Limpia, donde se llevaron a cabo una limpieza integral con recolecci\u00f3n de desechos s\u00f3lidos, logrando un avance significativo en el orden y la salubridad del lugar.<\/p>\n\n\n\n<p>Finalmente, en el Cementerio El Cuadrado, se dio inicio a los trabajos de pintura exterior, mejorando as\u00ed la fachada y la apariencia general del camposanto.<\/p>\n\n\n\n<p>Cede\u00f1o manifest\u00f3 que seguir\u00e1n implementando acciones de limpieza, y sobre todo un ordenamiento de todo lo que significa las gestiones que deben no realizar los dolientes a la hora de dar cristiana sepultura a sus familiares. \u201cCon estas acciones el alcalde Di Martino reafirma su compromiso de dignificar estos espacios manteni\u00e9ndolos limpios y ordenados, un esfuerzo constante para el bienestar de los marabinos\u201d.<br><strong><em>ET \/ Nota de Prensa<\/em><\/strong><\/p>\n","protected":false},"excerpt":{"rendered":"<p>ENTRE TORMENTAS. El alcalde de Maracaibo, Giancarlo Di Martino, contin\u00faa avanzando en la recuperaci\u00f3n de&#8230;<\/p>\n","protected":false},"author":2,"featured_media":20748,"comment_status":"closed","ping_status":"open","sticky":false,"template":"","format":"standard","meta":{"footnotes":""},"categories":[57,1],"tags":[],"class_list":["post-20746","post","type-post","status-publish","format-standard","has-post-thumbnail","hentry","category-actualidad","category-regionales"],"_links":{"self":[{"href":"https:\/\/entretormentas.com\/index.php?rest_route=\/wp\/v2\/posts\/20746","targetHints":{"allow":["GET"]}}],"collection":[{"href":"https:\/\/entretormentas.com\/index.php?rest_route=\/wp\/v2\/posts"}],"about":[{"href":"https:\/\/entretormentas.com\/index.php?rest_route=\/wp\/v2\/types\/post"}],"author":[{"embeddable":true,"href":"https:\/\/entretormentas.com\/index.php?rest_route=\/wp\/v2\/users\/2"}],"replies":[{"embeddable":true,"href":"https:\/\/entretormentas.com\/index.php?rest_route=%2Fwp%2Fv2%2Fcomments&post=20746"}],"version-history":[{"count":1,"href":"https:\/\/entretormentas.com\/index.php?rest_route=\/wp\/v2\/posts\/20746\/revisions"}],"predecessor-version":[{"id":20749,"href":"https:\/\/entretormentas.com\/index.php?rest_route=\/wp\/v2\/posts\/20746\/revisions\/20749"}],"wp:featuredmedia":[{"embeddable":true,"href":"https:\/\/entretormentas.com\/index.php?rest_route=\/wp\/v2\/media\/20748"}],"wp:attachment":[{"href":"https:\/\/entretormentas.com\/index.php?rest_route=%2Fwp%2Fv2%2Fmedia&parent=20746"}],"wp:term":[{"taxonomy":"category","embeddable":true,"href":"https:\/\/entretormentas.com\/index.php?rest_route=%2Fwp%2Fv2%2Fcategories&post=20746"},{"taxonomy":"post_tag","embeddable":true,"href":"https:\/\/entretormentas.com\/index.php?rest_route=%2Fwp%2Fv2%2Ftags&post=20746"}],"curies":[{"name":"wp","href":"https:\/\/api.w.org\/{rel}","templated":true}]}}