{"id":20753,"date":"2025-08-22T00:19:09","date_gmt":"2025-08-21T22:19:09","guid":{"rendered":"https:\/\/entretormentas.com\/?p=20753"},"modified":"2025-08-22T00:19:10","modified_gmt":"2025-08-21T22:19:10","slug":"desde-la-direccion-de-salud-maracaibo-refuerza-programas-de-salud-preventiva-y-de-atencion-directa","status":"publish","type":"post","link":"https:\/\/entretormentas.com\/desde-la-direccion-de-salud-maracaibo-refuerza-programas-de-salud-preventiva-y-de-atencion-directa\/","title":{"rendered":"\u00a1DESDE LA DIRECCI\u00d3N DE SALUD! Maracaibo refuerza programas de salud preventiva y de atenci\u00f3n directa"},"content":{"rendered":"\n<p><strong>ENTRE TORMENTAS. <\/strong>\u00a1La salud es fundamental, porque con ella es posible, avanzar! por ello, este jueves 21 de agosto, la doctora Mayreth Acosta, directora general de Salud de Maracaibo (encargada), anunci\u00f3 que bajo lineamientos del alcalde Gian Carlo Di Martino, se trabaja en el municipio, en el fortalecimiento y ampliaci\u00f3n de los programas sanitarios, anunci\u00f3 que realiz\u00f3 en el espacio radial A Media Ma\u00f1ana, transmitido por Pequiven 88.7 FM y conducido por la periodista Sikiu Brice\u00f1o.<\/p>\n\n\n\n<p>Durante su intervenci\u00f3n, Acosta inform\u00f3 que se priorizar\u00e1 el cuidado de pacientes con diferentes patolog\u00edas, entre ellas las enfermedades cardiometab\u00f3licas, adem\u00e1s de potenciar la atenci\u00f3n directa y humanista, en articulaci\u00f3n con todos los niveles de gobierno.<\/p>\n\n\n\n<figure class=\"wp-block-image size-large\"><img fetchpriority=\"high\" decoding=\"async\" width=\"1024\" height=\"731\" src=\"https:\/\/entretormentas.com\/wp-content\/uploads\/2025\/08\/nuevasalud2-1024x731.jpg\" alt=\"\" class=\"wp-image-20754\" srcset=\"https:\/\/entretormentas.com\/wp-content\/uploads\/2025\/08\/nuevasalud2-1024x731.jpg 1024w, https:\/\/entretormentas.com\/wp-content\/uploads\/2025\/08\/nuevasalud2-300x214.jpg 300w, https:\/\/entretormentas.com\/wp-content\/uploads\/2025\/08\/nuevasalud2-768x548.jpg 768w, https:\/\/entretormentas.com\/wp-content\/uploads\/2025\/08\/nuevasalud2.jpg 1080w\" sizes=\"(max-width: 1024px) 100vw, 1024px\" \/><\/figure>\n\n\n\n<p>\u201cEstamos trazando pol\u00edticas reales, nacidas de las necesidades planteadas desde el gobierno comunal, lo que potencia las jornadas de atenci\u00f3n bajo el esquema de punto y c\u00edrculo\u201d, afirm\u00f3.<\/p>\n\n\n\n<p>Acosta exhort\u00f3 a la ciudadan\u00eda a confiar en la gesti\u00f3n de la Alcald\u00eda de Maracaibo en materia de salud, destacando que se trabaja bajo un enfoque preventivo, cercano y comprometido con la dignidad de cada paciente.<\/p>\n\n\n\n<p>Como parte de esta estrategia, cada viernes se desplegar\u00e1n jornadas comunitarias de salud, apoyadas en cl\u00ednicas m\u00f3viles desde donde se ofrecer\u00e1n especialidades como: medicina interna, cardiolog\u00eda, pediatr\u00eda, nutrici\u00f3n y odontolog\u00eda, entre otras, adem\u00e1s de servicios de inmunizaci\u00f3n.<\/p>\n\n\n\n<p>Estas jornadas estar\u00e1n respaldadas por un equipo multidisciplinario de hombres y mujeres comprometidos con el bienestar de la poblaci\u00f3n, bajo el eslogan: Gente que resuelve, que refleja el esp\u00edritu de servicio y acci\u00f3n directa que impulsa la Direcci\u00f3n General de Salud, de la Alcald\u00eda de Maracaibo, que avanza con una robusto compromiso con la salud p\u00fablica de calidad.<br><strong><em>ET \/ Nota de Prensa<\/em><\/strong><\/p>\n","protected":false},"excerpt":{"rendered":"<p>ENTRE TORMENTAS. \u00a1La salud es fundamental, porque con ella es posible, avanzar! por ello, este&#8230;<\/p>\n","protected":false},"author":2,"featured_media":20755,"comment_status":"closed","ping_status":"open","sticky":false,"template":"","format":"standard","meta":{"footnotes":""},"categories":[57,1],"tags":[],"class_list":["post-20753","post","type-post","status-publish","format-standard","has-post-thumbnail","hentry","category-actualidad","category-regionales"],"_links":{"self":[{"href":"https:\/\/entretormentas.com\/index.php?rest_route=\/wp\/v2\/posts\/20753","targetHints":{"allow":["GET"]}}],"collection":[{"href":"https:\/\/entretormentas.com\/index.php?rest_route=\/wp\/v2\/posts"}],"about":[{"href":"https:\/\/entretormentas.com\/index.php?rest_route=\/wp\/v2\/types\/post"}],"author":[{"embeddable":true,"href":"https:\/\/entretormentas.com\/index.php?rest_route=\/wp\/v2\/users\/2"}],"replies":[{"embeddable":true,"href":"https:\/\/entretormentas.com\/index.php?rest_route=%2Fwp%2Fv2%2Fcomments&post=20753"}],"version-history":[{"count":1,"href":"https:\/\/entretormentas.com\/index.php?rest_route=\/wp\/v2\/posts\/20753\/revisions"}],"predecessor-version":[{"id":20756,"href":"https:\/\/entretormentas.com\/index.php?rest_route=\/wp\/v2\/posts\/20753\/revisions\/20756"}],"wp:featuredmedia":[{"embeddable":true,"href":"https:\/\/entretormentas.com\/index.php?rest_route=\/wp\/v2\/media\/20755"}],"wp:attachment":[{"href":"https:\/\/entretormentas.com\/index.php?rest_route=%2Fwp%2Fv2%2Fmedia&parent=20753"}],"wp:term":[{"taxonomy":"category","embeddable":true,"href":"https:\/\/entretormentas.com\/index.php?rest_route=%2Fwp%2Fv2%2Fcategories&post=20753"},{"taxonomy":"post_tag","embeddable":true,"href":"https:\/\/entretormentas.com\/index.php?rest_route=%2Fwp%2Fv2%2Ftags&post=20753"}],"curies":[{"name":"wp","href":"https:\/\/api.w.org\/{rel}","templated":true}]}}