{"id":20757,"date":"2025-08-22T00:22:56","date_gmt":"2025-08-21T22:22:56","guid":{"rendered":"https:\/\/entretormentas.com\/?p=20757"},"modified":"2025-08-22T00:22:57","modified_gmt":"2025-08-21T22:22:57","slug":"rehabilitan-su-estacion-central-alcaldia-de-maracaibo-mejora-operatividad-del-tranvia","status":"publish","type":"post","link":"https:\/\/entretormentas.com\/rehabilitan-su-estacion-central-alcaldia-de-maracaibo-mejora-operatividad-del-tranvia\/","title":{"rendered":"\u00a1REHABILITAN SU ESTACI\u00d3N CENTRAL! Alcald\u00eda de Maracaibo mejora operatividad del Tranv\u00eda"},"content":{"rendered":"\n<p><strong>ENTRE TORMENTAS. <\/strong>El plan de recuperaci\u00f3n del Tranv\u00eda de Maracaibo se desarrolla a pasos agigantados, gracias a la gesti\u00f3n iniciada por el alcalde bolivariano de Maracaibo, Giancarlo Di Martino, enfocada en mejorar la operatividad y funcionalidad de la Fundaci\u00f3n.<\/p>\n\n\n\n<p>La informaci\u00f3n la dio a conocer Estefhan\u00eda Contreras, presidenta de la Fundaci\u00f3n Tranv\u00eda de Maracaibo, quien destac\u00f3 que entre las labores que se iniciaron est\u00e1 la recuperaci\u00f3n de 30 toneladas de aire acondicionado, garantizando un ambiente m\u00e1s confortable para los usuarios y el personal.<\/p>\n\n\n\n<figure class=\"wp-block-image size-full\"><img fetchpriority=\"high\" decoding=\"async\" width=\"803\" height=\"816\" src=\"https:\/\/entretormentas.com\/wp-content\/uploads\/2025\/08\/tranvi2.jpg\" alt=\"\" class=\"wp-image-20758\" srcset=\"https:\/\/entretormentas.com\/wp-content\/uploads\/2025\/08\/tranvi2.jpg 803w, https:\/\/entretormentas.com\/wp-content\/uploads\/2025\/08\/tranvi2-295x300.jpg 295w, https:\/\/entretormentas.com\/wp-content\/uploads\/2025\/08\/tranvi2-768x780.jpg 768w\" sizes=\"(max-width: 803px) 100vw, 803px\" \/><\/figure>\n\n\n\n<p>Indic\u00f3 Contreras que se instalaron nuevas luces LED en el \u00e1rea del lobby para mejorar la iluminaci\u00f3n y contribuir con la eficiencia energ\u00e9tica. De igual manera se sustituyeron las cerraduras que se encontraban en mal estado o ausentes, de esta manera se refuerza la seguridad de sus instalaciones.<\/p>\n\n\n\n<p>Igualmente se\u00f1al\u00f3 que en los actuales momentos se encuentra un equipo de obreros trabajando en la pintura de la fachada, \u201cun proyecto que ya cuenta con un avance significativo y que busca embellecer las instalaciones, mejorando la imagen del Tranv\u00eda de Maracaibo como un s\u00edmbolo de identidad urbana\u201d.<\/p>\n\n\n\n<figure class=\"wp-block-image size-full\"><img decoding=\"async\" width=\"868\" height=\"988\" src=\"https:\/\/entretormentas.com\/wp-content\/uploads\/2025\/08\/tranvi3.jpg\" alt=\"\" class=\"wp-image-20759\" srcset=\"https:\/\/entretormentas.com\/wp-content\/uploads\/2025\/08\/tranvi3.jpg 868w, https:\/\/entretormentas.com\/wp-content\/uploads\/2025\/08\/tranvi3-264x300.jpg 264w, https:\/\/entretormentas.com\/wp-content\/uploads\/2025\/08\/tranvi3-768x874.jpg 768w\" sizes=\"(max-width: 868px) 100vw, 868px\" \/><\/figure>\n\n\n\n<p>La presidenta del Tranv\u00eda manifest\u00f3 que la gesti\u00f3n que desarrollar\u00e1 bajo los lineamientos del alcalde Di Martino est\u00e1 centrada en ampliar el alcance de los programas culturales y educativos, fortaleciendo las alianzas con instituciones locales y potenciando el Tranv\u00eda como un \u00edcono de la ciudad, tal como ocurri\u00f3 en la primera gesti\u00f3n del burgomaestre marabino.<\/p>\n\n\n\n<p>Finalmente resalt\u00f3 que, con estas primeras acciones, la Fundaci\u00f3n reafirma su compromiso de continuar ofreciendo experiencias enriquecedoras que promuevan el sentido de pertenencia y el orgullo por la historia de Maracaibo.<br><strong><em>ET \/ Nota de Prensa<\/em><\/strong><\/p>\n\n\n\n<p><\/p>\n","protected":false},"excerpt":{"rendered":"<p>ENTRE TORMENTAS. El plan de recuperaci\u00f3n del Tranv\u00eda de Maracaibo se desarrolla a pasos agigantados,&#8230;<\/p>\n","protected":false},"author":2,"featured_media":20760,"comment_status":"closed","ping_status":"open","sticky":false,"template":"","format":"standard","meta":{"footnotes":""},"categories":[57,1],"tags":[],"class_list":["post-20757","post","type-post","status-publish","format-standard","has-post-thumbnail","hentry","category-actualidad","category-regionales"],"_links":{"self":[{"href":"https:\/\/entretormentas.com\/index.php?rest_route=\/wp\/v2\/posts\/20757","targetHints":{"allow":["GET"]}}],"collection":[{"href":"https:\/\/entretormentas.com\/index.php?rest_route=\/wp\/v2\/posts"}],"about":[{"href":"https:\/\/entretormentas.com\/index.php?rest_route=\/wp\/v2\/types\/post"}],"author":[{"embeddable":true,"href":"https:\/\/entretormentas.com\/index.php?rest_route=\/wp\/v2\/users\/2"}],"replies":[{"embeddable":true,"href":"https:\/\/entretormentas.com\/index.php?rest_route=%2Fwp%2Fv2%2Fcomments&post=20757"}],"version-history":[{"count":1,"href":"https:\/\/entretormentas.com\/index.php?rest_route=\/wp\/v2\/posts\/20757\/revisions"}],"predecessor-version":[{"id":20761,"href":"https:\/\/entretormentas.com\/index.php?rest_route=\/wp\/v2\/posts\/20757\/revisions\/20761"}],"wp:featuredmedia":[{"embeddable":true,"href":"https:\/\/entretormentas.com\/index.php?rest_route=\/wp\/v2\/media\/20760"}],"wp:attachment":[{"href":"https:\/\/entretormentas.com\/index.php?rest_route=%2Fwp%2Fv2%2Fmedia&parent=20757"}],"wp:term":[{"taxonomy":"category","embeddable":true,"href":"https:\/\/entretormentas.com\/index.php?rest_route=%2Fwp%2Fv2%2Fcategories&post=20757"},{"taxonomy":"post_tag","embeddable":true,"href":"https:\/\/entretormentas.com\/index.php?rest_route=%2Fwp%2Fv2%2Ftags&post=20757"}],"curies":[{"name":"wp","href":"https:\/\/api.w.org\/{rel}","templated":true}]}}