{"id":20767,"date":"2025-08-22T00:32:52","date_gmt":"2025-08-21T22:32:52","guid":{"rendered":"https:\/\/entretormentas.com\/?p=20767"},"modified":"2025-08-22T00:32:53","modified_gmt":"2025-08-21T22:32:53","slug":"anfitrion-del-futuro-zulia-recibe-a-350-atletas-para-el-xxx-campeonato-nacional-de-boxeo-junior","status":"publish","type":"post","link":"https:\/\/entretormentas.com\/anfitrion-del-futuro-zulia-recibe-a-350-atletas-para-el-xxx-campeonato-nacional-de-boxeo-junior\/","title":{"rendered":"\u00a1ANFITRI\u00d3N DEL FUTURO! Zulia recibe a 350 atletas para el XXX Campeonato Nacional de Boxeo J\u00fanior"},"content":{"rendered":"\n<p><strong>ENTRE TORMENTAS. <\/strong>Con el respaldo del gobernador Luis Caldera, a trav\u00e9s de la Autoridad \u00danica del Deporte, Fidel Madro\u00f1ero, el estado Zulia se prepara para ser sede del XXX Campeonato Nacional de Boxeo Categor\u00eda J\u00fanior (15-16 a\u00f1os), evento que se celebrar\u00e1 desde este 22 hasta el 31 de agosto en el Gimnasio Pedro El\u00edas Belisario Aponte del Polideportivo de Maracaibo.<\/p>\n\n\n\n<p>El campeonato contar\u00e1 con la participaci\u00f3n de 350 atletas provenientes de todo el pa\u00eds, en las ramas masculina y femenina, quienes se disputar\u00e1n la Copa en Honor a Betulio Gonz\u00e1lez, gloria del deporte zuliano y referente mundial del boxeo.<\/p>\n\n\n\n<figure class=\"wp-block-image size-full\"><img fetchpriority=\"high\" decoding=\"async\" width=\"764\" height=\"632\" src=\"https:\/\/entretormentas.com\/wp-content\/uploads\/2025\/08\/box2.jpg\" alt=\"\" class=\"wp-image-20768\" srcset=\"https:\/\/entretormentas.com\/wp-content\/uploads\/2025\/08\/box2.jpg 764w, https:\/\/entretormentas.com\/wp-content\/uploads\/2025\/08\/box2-300x248.jpg 300w\" sizes=\"(max-width: 764px) 100vw, 764px\" \/><\/figure>\n\n\n\n<p>La organizaci\u00f3n del evento est\u00e1 a cargo de la Asociaci\u00f3n de Boxeo del Estado Zulia, presidida por el profesor Luis Buelvas, con el aval de la Federaci\u00f3n Venezolana de Boxeo, lo que garantiza un espect\u00e1culo de alto nivel competitivo y organizativo, acordes con las pol\u00edticas deportivas del Gobierno Nacional del presidente Nicol\u00e1s Maduro.<\/p>\n\n\n\n<p>La delegaci\u00f3n zuliana, conformada por 24 atletas de diferentes municipios, llega a la cita nacional con la meta de conquistar t\u00edtulos que les permitan proyectarse hacia la selecci\u00f3n nacional y futuros compromisos internacionales.<\/p>\n\n\n\n<figure class=\"wp-block-image size-full\"><img decoding=\"async\" width=\"764\" height=\"630\" src=\"https:\/\/entretormentas.com\/wp-content\/uploads\/2025\/08\/box3.jpg\" alt=\"\" class=\"wp-image-20769\" srcset=\"https:\/\/entretormentas.com\/wp-content\/uploads\/2025\/08\/box3.jpg 764w, https:\/\/entretormentas.com\/wp-content\/uploads\/2025\/08\/box3-300x247.jpg 300w\" sizes=\"(max-width: 764px) 100vw, 764px\" \/><\/figure>\n\n\n\n<p>Desde hace varias semanas los gladiadores de la regi\u00f3n se encuentran en concentraci\u00f3n en la Villa Deportiva Arqu\u00edmedes Herrera, donde reciben chequeo m\u00e9dico, preparaci\u00f3n psicol\u00f3gica y un plan integral de entrenamiento.<\/p>\n\n\n\n<p>El pesaje oficial y el congresillo t\u00e9cnico se efectuar\u00e1n el s\u00e1bado 23 en horas de la ma\u00f1ana, mientras que el acto inaugural y el campanazo inicial est\u00e1n programados a partir de las 3:00 de la tarde, marcando el inicio de un evento que promete grandes emociones en el cuadril\u00e1tero zuliano.<br><strong><em>ET \/ Nota de Prensa<\/em><\/strong><\/p>\n","protected":false},"excerpt":{"rendered":"<p>ENTRE TORMENTAS. Con el respaldo del gobernador Luis Caldera, a trav\u00e9s de la Autoridad \u00danica&#8230;<\/p>\n","protected":false},"author":2,"featured_media":20770,"comment_status":"closed","ping_status":"open","sticky":false,"template":"","format":"standard","meta":{"footnotes":""},"categories":[53],"tags":[],"class_list":["post-20767","post","type-post","status-publish","format-standard","has-post-thumbnail","hentry","category-deportes"],"_links":{"self":[{"href":"https:\/\/entretormentas.com\/index.php?rest_route=\/wp\/v2\/posts\/20767","targetHints":{"allow":["GET"]}}],"collection":[{"href":"https:\/\/entretormentas.com\/index.php?rest_route=\/wp\/v2\/posts"}],"about":[{"href":"https:\/\/entretormentas.com\/index.php?rest_route=\/wp\/v2\/types\/post"}],"author":[{"embeddable":true,"href":"https:\/\/entretormentas.com\/index.php?rest_route=\/wp\/v2\/users\/2"}],"replies":[{"embeddable":true,"href":"https:\/\/entretormentas.com\/index.php?rest_route=%2Fwp%2Fv2%2Fcomments&post=20767"}],"version-history":[{"count":1,"href":"https:\/\/entretormentas.com\/index.php?rest_route=\/wp\/v2\/posts\/20767\/revisions"}],"predecessor-version":[{"id":20771,"href":"https:\/\/entretormentas.com\/index.php?rest_route=\/wp\/v2\/posts\/20767\/revisions\/20771"}],"wp:featuredmedia":[{"embeddable":true,"href":"https:\/\/entretormentas.com\/index.php?rest_route=\/wp\/v2\/media\/20770"}],"wp:attachment":[{"href":"https:\/\/entretormentas.com\/index.php?rest_route=%2Fwp%2Fv2%2Fmedia&parent=20767"}],"wp:term":[{"taxonomy":"category","embeddable":true,"href":"https:\/\/entretormentas.com\/index.php?rest_route=%2Fwp%2Fv2%2Fcategories&post=20767"},{"taxonomy":"post_tag","embeddable":true,"href":"https:\/\/entretormentas.com\/index.php?rest_route=%2Fwp%2Fv2%2Ftags&post=20767"}],"curies":[{"name":"wp","href":"https:\/\/api.w.org\/{rel}","templated":true}]}}