{"id":20777,"date":"2025-08-22T10:10:11","date_gmt":"2025-08-22T08:10:11","guid":{"rendered":"https:\/\/entretormentas.com\/?p=20777"},"modified":"2025-08-22T10:10:11","modified_gmt":"2025-08-22T08:10:11","slug":"para-su-rehabilitacion-gobernacion-aborda-el-terminal-lacustre-hugo-chavez-y-el-centro-de-arte-lia-bermudez","status":"publish","type":"post","link":"https:\/\/entretormentas.com\/para-su-rehabilitacion-gobernacion-aborda-el-terminal-lacustre-hugo-chavez-y-el-centro-de-arte-lia-bermudez\/","title":{"rendered":"\u00a1PARA SU REHABILITACI\u00d3N! Gobernaci\u00f3n aborda el Terminal Lacustre Hugo Ch\u00e1vez y el Centro de Arte L\u00eda Berm\u00fadez"},"content":{"rendered":"\n<p><strong>ENTRE TORMENTAS.<\/strong> Como espacios importantes para el turismo y la cultura del Zulia, la Gobernaci\u00f3n inici\u00f3 la rehabilitaci\u00f3n del Terminal Lacustre Hugo Ch\u00e1vez, situado en el malec\u00f3n de la capital zuliana y del Centro de Arte de Maracaibo L\u00eda Berm\u00fadez (CamLB); el primero, que sirve para adentrarse a la autopista del Lago y, el segundo, sembrado con mirada al Coquivacoa y sitio donde converge el movimiento cultural no solo de la entidad, sino del pa\u00eds y del mundo.<\/p>\n\n\n\n<p>El gobernador del estado, Luis Caldera, hizo el anuncio del rescate de estos importantes espacios desde sus mismos entornos acompa\u00f1ado de los secretarios de Cultura y de Educaci\u00f3n Universitaria, Giovanny Villalobos y Enrique Parra, respectivamente, y del presidente del Centro Rafael Urdaneta (CRU), Francisco Urbina. Aunado al recobro del terminal, el mandatario regional inform\u00f3 que el Gobierno Nacional del presidente Nicol\u00e1s Maduro, a trav\u00e9s del Ministerio para el Transporte y Bolipuertos, garantizar\u00e1 dos embarcaciones con capacidad de 220 pasajeros diariamente.<\/p>\n\n\n\n<figure class=\"wp-block-image size-large\"><img fetchpriority=\"high\" decoding=\"async\" width=\"1024\" height=\"683\" src=\"https:\/\/entretormentas.com\/wp-content\/uploads\/2025\/08\/puerto2-1024x683.jpg\" alt=\"\" class=\"wp-image-20778\" srcset=\"https:\/\/entretormentas.com\/wp-content\/uploads\/2025\/08\/puerto2-1024x683.jpg 1024w, https:\/\/entretormentas.com\/wp-content\/uploads\/2025\/08\/puerto2-300x200.jpg 300w, https:\/\/entretormentas.com\/wp-content\/uploads\/2025\/08\/puerto2-768x512.jpg 768w, https:\/\/entretormentas.com\/wp-content\/uploads\/2025\/08\/puerto2.jpg 1280w\" sizes=\"(max-width: 1024px) 100vw, 1024px\" \/><\/figure>\n\n\n\n<p>Manifest\u00f3 que la recuperaci\u00f3n del Terminal Lacustre Hugo Ch\u00e1vez, forma parte de un proyecto integral de interconexi\u00f3n en el Lago de Maracaibo, iniciando en esta fase entre las poblaciones de San Rafael del Moj\u00e1n en el municipio Mara; San Carlos e Isla de Toas, en el municipio Almirante Padilla; en los Puertos de Altagracia, en Miranda y en el municipio Cabimas y seguir creciendo hacia el Sur del Lago, en la poblaci\u00f3n de Santa B\u00e1rbara del Zulia y tambi\u00e9n en el Puerto de Encontrados.<\/p>\n\n\n\n<p>\u201cEstamos activando el sector productivo y tur\u00edstico. Trabajando por la cultura porque el Lago de Maracaibo forma parte de nuestra cultura, aqu\u00ed est\u00e1n todas nuestras ra\u00edces\u201d, enfatiz\u00f3 al sumar sobre la generaci\u00f3n de ingresos que implica la recuperaci\u00f3n, para las islas y la subregi\u00f3n Guajira.<\/p>\n\n\n\n<figure class=\"wp-block-image size-large\"><img decoding=\"async\" width=\"1024\" height=\"683\" src=\"https:\/\/entretormentas.com\/wp-content\/uploads\/2025\/08\/puerto3-1024x683.jpg\" alt=\"\" class=\"wp-image-20779\" srcset=\"https:\/\/entretormentas.com\/wp-content\/uploads\/2025\/08\/puerto3-1024x683.jpg 1024w, https:\/\/entretormentas.com\/wp-content\/uploads\/2025\/08\/puerto3-300x200.jpg 300w, https:\/\/entretormentas.com\/wp-content\/uploads\/2025\/08\/puerto3-768x512.jpg 768w, https:\/\/entretormentas.com\/wp-content\/uploads\/2025\/08\/puerto3.jpg 1280w\" sizes=\"(max-width: 1024px) 100vw, 1024px\" \/><\/figure>\n\n\n\n<p><strong>EL L\u00cdA BERM\u00daDEZ, \u00cdCONO DE LA ZULIANIDAD<\/strong><br>Desde el CamLB, un centro de arte que en otrora fue el mercado principal de la ciudad, por lo que representa un valor patrimonial para Maracaibo y el Zulia, el gobernador dio a conocer sobre los trabajos que se realizar\u00e1n para que este centro sea abierto con el brillo que se merece y contin\u00fae siendo lugar para el encuentro con las artes y la tradici\u00f3n.<\/p>\n\n\n\n<p>Detall\u00f3 que los trabajos se realizar\u00e1n en cinco \u00e1reas, tales como el sistema de aires acondicionado, el sistema de iluminaci\u00f3n, el sistema de drenajes externos, la cubierta de techos que tienen que hacerse algunas reparaciones y la intervenci\u00f3n patrimonial del entorno de este icono de la zulianidad.<\/p>\n\n\n\n<p>\u201cAqu\u00ed estamos el Gobierno Bolivariano del presidente Nicol\u00e1s Maduro Moro, el Ministerio del Poder Popular para la Cultura, la Secretar\u00eda de Cultura y toda la Gobernaci\u00f3n Bolivariana del estado Zulia, junto a nuestros cultores y este equipo del Centro de Arte L\u00eda Berm\u00fadez, que ama este espacio, que lo cuida y que sue\u00f1a que est\u00e9n abiertos en las pr\u00f3ximas semanas para los eventos de este hermoso estado\u201d, afirm\u00f3 el gobernador.<br><strong><em>ET \/ Nota de Prensa<\/em><\/strong><\/p>\n","protected":false},"excerpt":{"rendered":"<p>ENTRE TORMENTAS. Como espacios importantes para el turismo y la cultura del Zulia, la Gobernaci\u00f3n&#8230;<\/p>\n","protected":false},"author":2,"featured_media":20780,"comment_status":"closed","ping_status":"open","sticky":false,"template":"","format":"standard","meta":{"footnotes":""},"categories":[57,1],"tags":[],"class_list":["post-20777","post","type-post","status-publish","format-standard","has-post-thumbnail","hentry","category-actualidad","category-regionales"],"_links":{"self":[{"href":"https:\/\/entretormentas.com\/index.php?rest_route=\/wp\/v2\/posts\/20777","targetHints":{"allow":["GET"]}}],"collection":[{"href":"https:\/\/entretormentas.com\/index.php?rest_route=\/wp\/v2\/posts"}],"about":[{"href":"https:\/\/entretormentas.com\/index.php?rest_route=\/wp\/v2\/types\/post"}],"author":[{"embeddable":true,"href":"https:\/\/entretormentas.com\/index.php?rest_route=\/wp\/v2\/users\/2"}],"replies":[{"embeddable":true,"href":"https:\/\/entretormentas.com\/index.php?rest_route=%2Fwp%2Fv2%2Fcomments&post=20777"}],"version-history":[{"count":1,"href":"https:\/\/entretormentas.com\/index.php?rest_route=\/wp\/v2\/posts\/20777\/revisions"}],"predecessor-version":[{"id":20781,"href":"https:\/\/entretormentas.com\/index.php?rest_route=\/wp\/v2\/posts\/20777\/revisions\/20781"}],"wp:featuredmedia":[{"embeddable":true,"href":"https:\/\/entretormentas.com\/index.php?rest_route=\/wp\/v2\/media\/20780"}],"wp:attachment":[{"href":"https:\/\/entretormentas.com\/index.php?rest_route=%2Fwp%2Fv2%2Fmedia&parent=20777"}],"wp:term":[{"taxonomy":"category","embeddable":true,"href":"https:\/\/entretormentas.com\/index.php?rest_route=%2Fwp%2Fv2%2Fcategories&post=20777"},{"taxonomy":"post_tag","embeddable":true,"href":"https:\/\/entretormentas.com\/index.php?rest_route=%2Fwp%2Fv2%2Ftags&post=20777"}],"curies":[{"name":"wp","href":"https:\/\/api.w.org\/{rel}","templated":true}]}}