{"id":20792,"date":"2025-08-22T10:20:49","date_gmt":"2025-08-22T08:20:49","guid":{"rendered":"https:\/\/entretormentas.com\/?p=20792"},"modified":"2025-08-22T10:20:50","modified_gmt":"2025-08-22T08:20:50","slug":"respuesta-oficial-delcy-rodriguez-acusa-a-la-dea-de-ser-el-mayor-cartel-de-drogas-que-existe-en-el-mundo","status":"publish","type":"post","link":"https:\/\/entretormentas.com\/respuesta-oficial-delcy-rodriguez-acusa-a-la-dea-de-ser-el-mayor-cartel-de-drogas-que-existe-en-el-mundo\/","title":{"rendered":"\u00a1RESPUESTA OFICIAL! Delcy Rodr\u00edguez acusa a la DEA de ser el \u00abmayor cartel de drogas\u00bb que existe en el mundo"},"content":{"rendered":"\n<p><strong>ENTRE TORMENTAS. <\/strong>La vicepresidenta ejecutiva, Delcy Rodr\u00edguez, acus\u00f3 este jueves a la Administraci\u00f3n de Control de Drogas de Estados Unidos (DEA) de ser el \u00abmayor cartel de drogas\u00bb que existe en el mundo, luego de que el director de ese organismo, Terry Cole, atribuyera a Venezuela la colaboraci\u00f3n con organizaciones armadas ilegales colombianas, como el Ej\u00e9rcito de Liberaci\u00f3n Nacional (ELN), para enviar \u00abcantidades r\u00e9cord de coca\u00edna\u00bb a los carteles mexicanos que introducen droga en EEUU, indic\u00f3 EFE.<\/p>\n\n\n\n<p>\u00abEl director de la DEA, Terry Cole, conoce a profundidad que la DEA es el mayor cartel de drogas que existe en el mundo. Innumerables documentos y evidencias as\u00ed lo sustentan\u00bb, se\u00f1al\u00f3 la funcionaria en un mensaje publicado en Telegram.<\/p>\n\n\n\n<p>Rodr\u00edguez indic\u00f3 que en el informe \u2018National Drug Threat Assessment\u2019 de 2024 y 2025, que elabora la propia DEA, no se menciona a Venezuela \u00abcomo un factor de importancia en el tr\u00e1fico de drogas hacia Estados Unidos\u00bb.<\/p>\n\n\n\n<p>\u00abEste grosero ardido procura sustentar la agresi\u00f3n contra Venezuela para apoderarse de sus inmensas riquezas energ\u00e9ticas y socavar el internacionalismo bolivariano\u00bb, a\u00f1adi\u00f3.<\/p>\n\n\n\n<p>La vicepresidenta sostuvo que el pa\u00eds sabr\u00e1 defender con \u00abfirmeza la integridad territorial, la soberan\u00eda y la dignidad hist\u00f3rica de su pueblo\u00bb.<br><strong><em>ET \/ EFE<\/em><\/strong><\/p>\n","protected":false},"excerpt":{"rendered":"<p>ENTRE TORMENTAS. La vicepresidenta ejecutiva, Delcy Rodr\u00edguez, acus\u00f3 este jueves a la Administraci\u00f3n de Control&#8230;<\/p>\n","protected":false},"author":2,"featured_media":20793,"comment_status":"closed","ping_status":"open","sticky":false,"template":"","format":"standard","meta":{"footnotes":""},"categories":[56,49],"tags":[],"class_list":["post-20792","post","type-post","status-publish","format-standard","has-post-thumbnail","hentry","category-destacadas","category-nacionales"],"_links":{"self":[{"href":"https:\/\/entretormentas.com\/index.php?rest_route=\/wp\/v2\/posts\/20792","targetHints":{"allow":["GET"]}}],"collection":[{"href":"https:\/\/entretormentas.com\/index.php?rest_route=\/wp\/v2\/posts"}],"about":[{"href":"https:\/\/entretormentas.com\/index.php?rest_route=\/wp\/v2\/types\/post"}],"author":[{"embeddable":true,"href":"https:\/\/entretormentas.com\/index.php?rest_route=\/wp\/v2\/users\/2"}],"replies":[{"embeddable":true,"href":"https:\/\/entretormentas.com\/index.php?rest_route=%2Fwp%2Fv2%2Fcomments&post=20792"}],"version-history":[{"count":1,"href":"https:\/\/entretormentas.com\/index.php?rest_route=\/wp\/v2\/posts\/20792\/revisions"}],"predecessor-version":[{"id":20794,"href":"https:\/\/entretormentas.com\/index.php?rest_route=\/wp\/v2\/posts\/20792\/revisions\/20794"}],"wp:featuredmedia":[{"embeddable":true,"href":"https:\/\/entretormentas.com\/index.php?rest_route=\/wp\/v2\/media\/20793"}],"wp:attachment":[{"href":"https:\/\/entretormentas.com\/index.php?rest_route=%2Fwp%2Fv2%2Fmedia&parent=20792"}],"wp:term":[{"taxonomy":"category","embeddable":true,"href":"https:\/\/entretormentas.com\/index.php?rest_route=%2Fwp%2Fv2%2Fcategories&post=20792"},{"taxonomy":"post_tag","embeddable":true,"href":"https:\/\/entretormentas.com\/index.php?rest_route=%2Fwp%2Fv2%2Ftags&post=20792"}],"curies":[{"name":"wp","href":"https:\/\/api.w.org\/{rel}","templated":true}]}}