{"id":20795,"date":"2025-08-22T10:23:13","date_gmt":"2025-08-22T08:23:13","guid":{"rendered":"https:\/\/entretormentas.com\/?p=20795"},"modified":"2025-08-22T10:23:14","modified_gmt":"2025-08-22T08:23:14","slug":"acusacion-dea-relaciona-al-gobierno-con-la-guerrilla-en-el-trafico-de-grandes-cantidades-de-drogas","status":"publish","type":"post","link":"https:\/\/entretormentas.com\/acusacion-dea-relaciona-al-gobierno-con-la-guerrilla-en-el-trafico-de-grandes-cantidades-de-drogas\/","title":{"rendered":"\u00a1ACUSACI\u00d3N! DEA relaciona al gobierno con la guerrilla en el tr\u00e1fico de grandes cantidades de drogas"},"content":{"rendered":"\n<p><strong>ENTRE TORMENTAS. <\/strong>El director de la Administraci\u00f3n de Control de Drogas -DEA- de Estados Unidos, Terry Cole, acus\u00f3 este jueves a Venezuela de colaborar con guerrillas colombianas como el Ej\u00e9rcito de Liberaci\u00f3n Nacional para enviar cantidades r\u00e9cord de coca\u00edna a los carteles mexicanos que trafican hacia Estados Unidos.<\/p>\n\n\n\n<p>\u00abVenezuela se ha convertido en un Estado narcoterrorista que sigue colaborando con las FARC y el ELN de Colombia para enviar cantidades r\u00e9cord de coca\u00edna desde Venezuela a los carteles mexicanos, que siguen entrando a Estados Unidos\u00bb, dijo Cole en una entrevista con la cadena Fox News.<\/p>\n\n\n\n<p>Estas acusaciones contra el r\u00e9gimen de Nicol\u00e1s Maduro se dan despu\u00e9s de que la portavoz de la Casa Blanca, Karoline Leavitt, asegur\u00f3 el martes que Washington est\u00e1 preparado para \u00abusar todo su poder\u00bb para frenar el \u00abflujo de drogas hacia su pa\u00eds\u00bb, en medio de la pol\u00e9mica por el despliegue de tres buques con 4.000 soldados en las aguas del Caribe cerca de Venezuela.<\/p>\n\n\n\n<p>El r\u00e9gimen ha asegurado que las \u00abamenazas\u00bb de Estados Unidos revelan su \u00abfalta de credibilidad\u00bb y ponen en riesgo la \u00abpaz y estabilidad\u00bb de la regi\u00f3n. Los gobiernos de Cuba, Bolivia, M\u00e9xico, Nicaragua, y Colombia condenaron la presencia de los nav\u00edos de guerra estadounidenses en el Caribe.<br><strong><em>ET \/ Agencias<\/em><\/strong><\/p>\n","protected":false},"excerpt":{"rendered":"<p>ENTRE TORMENTAS. El director de la Administraci\u00f3n de Control de Drogas -DEA- de Estados Unidos,&#8230;<\/p>\n","protected":false},"author":2,"featured_media":20796,"comment_status":"closed","ping_status":"open","sticky":false,"template":"","format":"standard","meta":{"footnotes":""},"categories":[56,48],"tags":[],"class_list":["post-20795","post","type-post","status-publish","format-standard","has-post-thumbnail","hentry","category-destacadas","category-internacionales"],"_links":{"self":[{"href":"https:\/\/entretormentas.com\/index.php?rest_route=\/wp\/v2\/posts\/20795","targetHints":{"allow":["GET"]}}],"collection":[{"href":"https:\/\/entretormentas.com\/index.php?rest_route=\/wp\/v2\/posts"}],"about":[{"href":"https:\/\/entretormentas.com\/index.php?rest_route=\/wp\/v2\/types\/post"}],"author":[{"embeddable":true,"href":"https:\/\/entretormentas.com\/index.php?rest_route=\/wp\/v2\/users\/2"}],"replies":[{"embeddable":true,"href":"https:\/\/entretormentas.com\/index.php?rest_route=%2Fwp%2Fv2%2Fcomments&post=20795"}],"version-history":[{"count":1,"href":"https:\/\/entretormentas.com\/index.php?rest_route=\/wp\/v2\/posts\/20795\/revisions"}],"predecessor-version":[{"id":20797,"href":"https:\/\/entretormentas.com\/index.php?rest_route=\/wp\/v2\/posts\/20795\/revisions\/20797"}],"wp:featuredmedia":[{"embeddable":true,"href":"https:\/\/entretormentas.com\/index.php?rest_route=\/wp\/v2\/media\/20796"}],"wp:attachment":[{"href":"https:\/\/entretormentas.com\/index.php?rest_route=%2Fwp%2Fv2%2Fmedia&parent=20795"}],"wp:term":[{"taxonomy":"category","embeddable":true,"href":"https:\/\/entretormentas.com\/index.php?rest_route=%2Fwp%2Fv2%2Fcategories&post=20795"},{"taxonomy":"post_tag","embeddable":true,"href":"https:\/\/entretormentas.com\/index.php?rest_route=%2Fwp%2Fv2%2Ftags&post=20795"}],"curies":[{"name":"wp","href":"https:\/\/api.w.org\/{rel}","templated":true}]}}