{"id":20804,"date":"2025-08-22T23:19:26","date_gmt":"2025-08-22T21:19:26","guid":{"rendered":"https:\/\/entretormentas.com\/?p=20804"},"modified":"2025-08-22T23:19:26","modified_gmt":"2025-08-22T21:19:26","slug":"en-el-estado-zulia-arranca-primera-fase-de-los-juegos-deportivos-nacionales-comunales-judenacom-2025","status":"publish","type":"post","link":"https:\/\/entretormentas.com\/en-el-estado-zulia-arranca-primera-fase-de-los-juegos-deportivos-nacionales-comunales-judenacom-2025\/","title":{"rendered":"\u00a1EN EL ESTADO ZULIA! Arranca primera fase de los Juegos Deportivos Nacionales Comunales (Judenacom) 2025"},"content":{"rendered":"\n<p><strong>ENTRE TORMENTAS. <\/strong>Con la participaci\u00f3n del semillero deportivo de la parroquia Francisco Eugenio Bustamante, el estado Zulia dio inicio a la primera etapa de los Juegos Deportivos Nacionales Comunales 2025 (Judenacom), evento que marca el punto de partida hacia las fases clasificatorias que conducir\u00e1n a los nacionales pautados para noviembre.<\/p>\n\n\n\n<p>La actividad cont\u00f3 con la presencia de las autoridades deportivas regionales: Ebert Fern\u00e1ndez, subsecretario de Deportes; Klaudymar Fereira, directora del Instituto Regional de Deportes del Estado Zulia (Irdez); y Aura Prieto, subdirectora del Irdez. Tambi\u00e9n asistieron Lino Connel, Gloria Deportiva; Hoswal Hidalgo, coordinador de la Base de Misiones Paz y Vida; y los l\u00edderes comunitarios Zacar\u00edas B\u00e1ez de la Comuna La Chinita, Ana Torres, representante del C\u00edrculo de Abuelos y las voceras del Circuito Comunal Las Mariposas Hermanas Mirabal, Wendy Pedraja y Raiza Hern\u00e1ndez.<\/p>\n\n\n\n<figure class=\"wp-block-image size-large\"><img fetchpriority=\"high\" decoding=\"async\" width=\"1024\" height=\"731\" src=\"https:\/\/entretormentas.com\/wp-content\/uploads\/2025\/08\/judenacon2-1024x731.jpg\" alt=\"\" class=\"wp-image-20805\" srcset=\"https:\/\/entretormentas.com\/wp-content\/uploads\/2025\/08\/judenacon2-1024x731.jpg 1024w, https:\/\/entretormentas.com\/wp-content\/uploads\/2025\/08\/judenacon2-300x214.jpg 300w, https:\/\/entretormentas.com\/wp-content\/uploads\/2025\/08\/judenacon2-768x548.jpg 768w, https:\/\/entretormentas.com\/wp-content\/uploads\/2025\/08\/judenacon2.jpg 1280w\" sizes=\"(max-width: 1024px) 100vw, 1024px\" \/><\/figure>\n\n\n\n<p>El programa de apertura incluy\u00f3 el desfile de los equipos participantes en las disciplinas de f\u00fatbol sala, baloncesto, voleibol, boxeo, levantamiento de pesas, lucha ol\u00edmpica, k\u00e1rate do, taekwondo y gimnasia r\u00edtmica.<\/p>\n\n\n\n<p>En nombre del gobernador Luis Gerardo Caldera, la Autoridad \u00danica de Deportes del estado Zulia, Fidel Madro\u00f1ero, y del ministro del Poder Popular para el Deporte, Franklin Cardillo, la directora del Irdez, Klaudymar Fereira, declar\u00f3 oficialmente inaugurada la primera fase de la competici\u00f3n.<\/p>\n\n\n\n<p>\u201cEl Zulia inicia hoy el recorrido de los Judenacom de la mano de autoridades comprometidas con la detecci\u00f3n del talento en las comunidades, para proyectarlo a la fase nacional donde estamos seguros brillar\u00e1n, en las sedes previstas en Lara, Falc\u00f3n y Yaracuy, el pr\u00f3ximo mes de noviembre\u201d.<\/p>\n\n\n\n<figure class=\"wp-block-image size-large\"><img decoding=\"async\" width=\"1024\" height=\"744\" src=\"https:\/\/entretormentas.com\/wp-content\/uploads\/2025\/08\/judenacon3-1024x744.jpg\" alt=\"\" class=\"wp-image-20806\" srcset=\"https:\/\/entretormentas.com\/wp-content\/uploads\/2025\/08\/judenacon3-1024x744.jpg 1024w, https:\/\/entretormentas.com\/wp-content\/uploads\/2025\/08\/judenacon3-300x218.jpg 300w, https:\/\/entretormentas.com\/wp-content\/uploads\/2025\/08\/judenacon3-768x558.jpg 768w, https:\/\/entretormentas.com\/wp-content\/uploads\/2025\/08\/judenacon3.jpg 1280w\" sizes=\"(max-width: 1024px) 100vw, 1024px\" \/><\/figure>\n\n\n\n<p>La juramentaci\u00f3n de entrenadores, \u00e1rbitros y personal t\u00e9cnico estuvo a cargo del profesor Lino Connel. Posteriormente, se present\u00f3 una rutina de gimnasia r\u00edtmica a cargo de las ni\u00f1as del Club Studio R\u00edtmico, seguida de exhibiciones simult\u00e1neas de todas las disciplinas deportivas.<\/p>\n\n\n\n<p>La Gobernaci\u00f3n del Zulia reafirma su compromiso de impulsar el deporte como herramienta de salud, bienestar y transformaci\u00f3n social, en sinton\u00eda con la cuarta de las 7 Transformaciones promovidas por el presidente Nicol\u00e1s Maduro.<br><strong><em>ET \/ Nota de Prensa<\/em><\/strong><\/p>\n","protected":false},"excerpt":{"rendered":"<p>ENTRE TORMENTAS. Con la participaci\u00f3n del semillero deportivo de la parroquia Francisco Eugenio Bustamante, el&#8230;<\/p>\n","protected":false},"author":2,"featured_media":20807,"comment_status":"closed","ping_status":"open","sticky":false,"template":"","format":"standard","meta":{"footnotes":""},"categories":[53],"tags":[],"class_list":["post-20804","post","type-post","status-publish","format-standard","has-post-thumbnail","hentry","category-deportes"],"_links":{"self":[{"href":"https:\/\/entretormentas.com\/index.php?rest_route=\/wp\/v2\/posts\/20804","targetHints":{"allow":["GET"]}}],"collection":[{"href":"https:\/\/entretormentas.com\/index.php?rest_route=\/wp\/v2\/posts"}],"about":[{"href":"https:\/\/entretormentas.com\/index.php?rest_route=\/wp\/v2\/types\/post"}],"author":[{"embeddable":true,"href":"https:\/\/entretormentas.com\/index.php?rest_route=\/wp\/v2\/users\/2"}],"replies":[{"embeddable":true,"href":"https:\/\/entretormentas.com\/index.php?rest_route=%2Fwp%2Fv2%2Fcomments&post=20804"}],"version-history":[{"count":1,"href":"https:\/\/entretormentas.com\/index.php?rest_route=\/wp\/v2\/posts\/20804\/revisions"}],"predecessor-version":[{"id":20808,"href":"https:\/\/entretormentas.com\/index.php?rest_route=\/wp\/v2\/posts\/20804\/revisions\/20808"}],"wp:featuredmedia":[{"embeddable":true,"href":"https:\/\/entretormentas.com\/index.php?rest_route=\/wp\/v2\/media\/20807"}],"wp:attachment":[{"href":"https:\/\/entretormentas.com\/index.php?rest_route=%2Fwp%2Fv2%2Fmedia&parent=20804"}],"wp:term":[{"taxonomy":"category","embeddable":true,"href":"https:\/\/entretormentas.com\/index.php?rest_route=%2Fwp%2Fv2%2Fcategories&post=20804"},{"taxonomy":"post_tag","embeddable":true,"href":"https:\/\/entretormentas.com\/index.php?rest_route=%2Fwp%2Fv2%2Ftags&post=20804"}],"curies":[{"name":"wp","href":"https:\/\/api.w.org\/{rel}","templated":true}]}}