{"id":20809,"date":"2025-08-22T23:24:36","date_gmt":"2025-08-22T21:24:36","guid":{"rendered":"https:\/\/entretormentas.com\/?p=20809"},"modified":"2025-08-22T23:24:37","modified_gmt":"2025-08-22T21:24:37","slug":"con-390-atletas-y-40-combates-al-dia-todo-listo-para-iniciar-el-xxx-campeonato-nacional-de-boxeo-junior","status":"publish","type":"post","link":"https:\/\/entretormentas.com\/con-390-atletas-y-40-combates-al-dia-todo-listo-para-iniciar-el-xxx-campeonato-nacional-de-boxeo-junior\/","title":{"rendered":"\u00a1CON 390 ATLETAS Y 40 COMBATES AL D\u00cdA! Todo listo para iniciar el XXX Campeonato Nacional de Boxeo J\u00fanior"},"content":{"rendered":"\n<p><strong>ENTRE TORMENTAS.<\/strong> Con 390 j\u00f3venes pugilistas representando 22 estados del pa\u00eds, se desarrollar\u00e1 el XXX Campeonato Nacional de Boxeo J\u00fanior, que tendr\u00e1 su cuadril\u00e1tero en el Gimnasio Cubierto Pedro El\u00edas Belisario Aponte y donde se disputar\u00e1n la Copa Betulio Gonz\u00e1lez, gloria deportiva reconocido internacionalmente.<\/p>\n\n\n\n<p>El evento es posible gracias al apoyo del Gobernador Luis Caldera, quien instruy\u00f3 atenciones de primer orden a competidores y personal t\u00e9cnico; adem\u00e1s de la rehabilitaci\u00f3n del Gimnasio Cubierto al que se climatiz\u00f3 con sistema de aire acondicionado de 400 toneladas y se adecuaron los espacios, mediante el plan de rescate del Parque del Sol.<\/p>\n\n\n\n<figure class=\"wp-block-image size-large\"><img fetchpriority=\"high\" decoding=\"async\" width=\"1024\" height=\"683\" src=\"https:\/\/entretormentas.com\/wp-content\/uploads\/2025\/08\/boxe2-1024x683.jpg\" alt=\"\" class=\"wp-image-20810\" srcset=\"https:\/\/entretormentas.com\/wp-content\/uploads\/2025\/08\/boxe2-1024x683.jpg 1024w, https:\/\/entretormentas.com\/wp-content\/uploads\/2025\/08\/boxe2-300x200.jpg 300w, https:\/\/entretormentas.com\/wp-content\/uploads\/2025\/08\/boxe2-768x512.jpg 768w, https:\/\/entretormentas.com\/wp-content\/uploads\/2025\/08\/boxe2.jpg 1280w\" sizes=\"(max-width: 1024px) 100vw, 1024px\" \/><\/figure>\n\n\n\n<p>La contienda contempla un aproximado de 40 combates diarios durante seis d\u00edas, donde atletas de 15 y 16 a\u00f1os buscar\u00e1n un lugar en la selecci\u00f3n nacional, con miras al ciclo ol\u00edmpico y a los Juegos Centroamericanos y del Caribe Escolares, previstos para noviembre en C\u00f3rdoba, Colombia. El primer combate ser\u00e1 este domingo 24 de agosto a las 6:00 de la tarde, con la presencia del Gobernador Caldera.<\/p>\n\n\n\n<p>\u201cEstamos muy contentos de recibir un evento de esta magnitud y altura. Desde ya est\u00e1n llegando las delegaciones; a partir de este s\u00e1bado 23 de agosto se cumplir\u00e1n los protocolos de pesaje, congresillo t\u00e9cnico y recibimiento de \u00e1rbitros, para que el domingo arranquen los combates con una pelea estelar a las 6:00 de la tarde con presencia de nuestro Gobernador Luis Caldera\u201d, se\u00f1al\u00f3 la autoridad \u00danica y secretario de Deportes, Fidel Madro\u00f1ero, en un encuentro con la prensa.<\/p>\n\n\n\n<p>A la rueda period\u00edstica asistieron el homenajeado Betulio Gonz\u00e1lez, el presidente de la Asociaci\u00f3n Zuliana de Boxeo (Asobox), Luis Buelvas, la Gloria Deportiva Jes\u00fas \u201cCuervo\u201d Nava y el representante federativo, Juan D\u00edaz.<\/p>\n\n\n\n<p>El Zulia estar\u00e1 representado por una delegaci\u00f3n de 24 boxeadores en categor\u00edas desde los 47 hasta los 80 kilogramos, en ambos g\u00e9neros. \u201cNuestra selecci\u00f3n fue escogida luego del estadal, donde cada atleta demostr\u00f3 sus condiciones f\u00edsicas y t\u00e1cticas para representarnos\u201d, afirm\u00f3 Jes\u00fas \u201cCuervo\u201d Nava.<\/p>\n\n\n\n<figure class=\"wp-block-image size-large\"><img decoding=\"async\" width=\"1024\" height=\"683\" src=\"https:\/\/entretormentas.com\/wp-content\/uploads\/2025\/08\/boxe3-1024x683.jpg\" alt=\"\" class=\"wp-image-20811\" srcset=\"https:\/\/entretormentas.com\/wp-content\/uploads\/2025\/08\/boxe3-1024x683.jpg 1024w, https:\/\/entretormentas.com\/wp-content\/uploads\/2025\/08\/boxe3-300x200.jpg 300w, https:\/\/entretormentas.com\/wp-content\/uploads\/2025\/08\/boxe3-768x512.jpg 768w, https:\/\/entretormentas.com\/wp-content\/uploads\/2025\/08\/boxe3.jpg 1280w\" sizes=\"(max-width: 1024px) 100vw, 1024px\" \/><\/figure>\n\n\n\n<p>\u201cTenemos grandes expectativas porque venimos de ser campeones el a\u00f1o pasado, expres\u00f3 por su parte el presidente de Asobox, Buelvas, al agradecer el apoyo del Gobernador del Zulia, Caldera y a todo el equipo que acompa\u00f1a a la Autoridad \u00danica de Deportes.<\/p>\n\n\n\n<p>El boxeador Jairo M\u00e1rquez (70 kg) manifest\u00f3 estar preparado para darle al Zulia ese campeonato y agradecido por el respaldo recibido en la preparaci\u00f3n f\u00edsica y mental, que se cumple siguiendo las pol\u00edticas deportivas del gobernador Caldera y del presidente Nicol\u00e1s Maduro.<\/p>\n\n\n\n<p>El legendario Betulio Gonz\u00e1lez manifest\u00f3 su emoci\u00f3n por el homenaje y enfatiz\u00f3 que su mayor deseo es que surjan nuevas generaciones de boxeadores que dejen al Zulia y a Venezuela en alto en el mundo\u201d.<\/p>\n\n\n\n<p>La Gobernaci\u00f3n del Zulia, el Team Tawala y toda la comunidad deportiva regional invitan a la familia zuliana a asistir y apoyar este gran evento que proyecta al estado como referente de la alta competencia nacional.<br><strong><em>ET \/ Nota de Prensa<\/em><\/strong><\/p>\n\n\n\n<p><\/p>\n","protected":false},"excerpt":{"rendered":"<p>ENTRE TORMENTAS. Con 390 j\u00f3venes pugilistas representando 22 estados del pa\u00eds, se desarrollar\u00e1 el XXX&#8230;<\/p>\n","protected":false},"author":2,"featured_media":20812,"comment_status":"closed","ping_status":"open","sticky":false,"template":"","format":"standard","meta":{"footnotes":""},"categories":[53,56],"tags":[],"class_list":["post-20809","post","type-post","status-publish","format-standard","has-post-thumbnail","hentry","category-deportes","category-destacadas"],"_links":{"self":[{"href":"https:\/\/entretormentas.com\/index.php?rest_route=\/wp\/v2\/posts\/20809","targetHints":{"allow":["GET"]}}],"collection":[{"href":"https:\/\/entretormentas.com\/index.php?rest_route=\/wp\/v2\/posts"}],"about":[{"href":"https:\/\/entretormentas.com\/index.php?rest_route=\/wp\/v2\/types\/post"}],"author":[{"embeddable":true,"href":"https:\/\/entretormentas.com\/index.php?rest_route=\/wp\/v2\/users\/2"}],"replies":[{"embeddable":true,"href":"https:\/\/entretormentas.com\/index.php?rest_route=%2Fwp%2Fv2%2Fcomments&post=20809"}],"version-history":[{"count":1,"href":"https:\/\/entretormentas.com\/index.php?rest_route=\/wp\/v2\/posts\/20809\/revisions"}],"predecessor-version":[{"id":20813,"href":"https:\/\/entretormentas.com\/index.php?rest_route=\/wp\/v2\/posts\/20809\/revisions\/20813"}],"wp:featuredmedia":[{"embeddable":true,"href":"https:\/\/entretormentas.com\/index.php?rest_route=\/wp\/v2\/media\/20812"}],"wp:attachment":[{"href":"https:\/\/entretormentas.com\/index.php?rest_route=%2Fwp%2Fv2%2Fmedia&parent=20809"}],"wp:term":[{"taxonomy":"category","embeddable":true,"href":"https:\/\/entretormentas.com\/index.php?rest_route=%2Fwp%2Fv2%2Fcategories&post=20809"},{"taxonomy":"post_tag","embeddable":true,"href":"https:\/\/entretormentas.com\/index.php?rest_route=%2Fwp%2Fv2%2Ftags&post=20809"}],"curies":[{"name":"wp","href":"https:\/\/api.w.org\/{rel}","templated":true}]}}