{"id":21031,"date":"2025-08-27T10:25:50","date_gmt":"2025-08-27T08:25:50","guid":{"rendered":"https:\/\/entretormentas.com\/?p=21031"},"modified":"2025-08-27T10:25:50","modified_gmt":"2025-08-27T08:25:50","slug":"defensa-nacional-padrino-lopez-anuncia-despliegue-de-busques-de-mayor-porte-en-aguas-del-mar-caribe","status":"publish","type":"post","link":"https:\/\/entretormentas.com\/defensa-nacional-padrino-lopez-anuncia-despliegue-de-busques-de-mayor-porte-en-aguas-del-mar-caribe\/","title":{"rendered":"\u00a1DEFENSA NACIONAL! Padrino L\u00f3pez anuncia despliegue de busques de \u00abmayor porte\u00bb en aguas del mar Caribe"},"content":{"rendered":"\n<p><strong>ENTRE TORMENTAS. <\/strong>El ministro de Defensa de Venezuela, Vladimir Padrino L\u00f3pez, anunci\u00f3 este martes el despliegue de buques de \u00abmayor porte\u00bb en aguas territoriales del Caribe para combatir el narcotr\u00e1fico, como parte de un refuerzo de la \u2018Operaci\u00f3n Rel\u00e1mpago del Catatumbo\u2019, que prev\u00e9 el desplazamiento de militares a regiones fronterizas con Colombia.<\/p>\n\n\n\n<p>\u00abAqu\u00ed vamos a tener tambi\u00e9n un despliegue importante con drones con distintas misiones, puntos de atenci\u00f3n ciudadana, puntos de exploraci\u00f3n y vigilancia, puntos o recorridos fluviales con la Infanter\u00eda de Marina por todos los r\u00edos (\u2026) patrullas navales en el Lago de Maracaibo, patrullas navales en el Golfo de Venezuela y buques de mayor porte, m\u00e1s arriba al norte, en nuestras aguas territoriales\u00bb, se\u00f1al\u00f3 el titular de Defensa en un video publicado en Instagram.<\/p>\n\n\n\n<p>Padrino L\u00f3pez indic\u00f3 que el refuerzo de este operativo de seguridad, que empez\u00f3 en enero de este a\u00f1o, se da ante la activaci\u00f3n de una zona binacional \u00abde desarrollo y paz\u00bb entre Venezuela y Colombia.<\/p>\n\n\n\n<p>\u00abEsto es una planificaci\u00f3n muy r\u00e1pida, ya que conocemos el territorio, conocemos las condiciones geogr\u00e1ficas y conocemos las condiciones y las caracter\u00edsticas de los grupos terroristas, armados, narcotraficantes que operan en la frontera y que pretende pasarse a territorio venezolano\u00bb, a\u00f1adi\u00f3.<br><strong><em>ET \/ Agencias<\/em><\/strong><\/p>\n","protected":false},"excerpt":{"rendered":"<p>ENTRE TORMENTAS. El ministro de Defensa de Venezuela, Vladimir Padrino L\u00f3pez, anunci\u00f3 este martes el&#8230;<\/p>\n","protected":false},"author":2,"featured_media":21032,"comment_status":"closed","ping_status":"open","sticky":false,"template":"","format":"standard","meta":{"footnotes":""},"categories":[56,49],"tags":[],"class_list":["post-21031","post","type-post","status-publish","format-standard","has-post-thumbnail","hentry","category-destacadas","category-nacionales"],"_links":{"self":[{"href":"https:\/\/entretormentas.com\/index.php?rest_route=\/wp\/v2\/posts\/21031","targetHints":{"allow":["GET"]}}],"collection":[{"href":"https:\/\/entretormentas.com\/index.php?rest_route=\/wp\/v2\/posts"}],"about":[{"href":"https:\/\/entretormentas.com\/index.php?rest_route=\/wp\/v2\/types\/post"}],"author":[{"embeddable":true,"href":"https:\/\/entretormentas.com\/index.php?rest_route=\/wp\/v2\/users\/2"}],"replies":[{"embeddable":true,"href":"https:\/\/entretormentas.com\/index.php?rest_route=%2Fwp%2Fv2%2Fcomments&post=21031"}],"version-history":[{"count":1,"href":"https:\/\/entretormentas.com\/index.php?rest_route=\/wp\/v2\/posts\/21031\/revisions"}],"predecessor-version":[{"id":21033,"href":"https:\/\/entretormentas.com\/index.php?rest_route=\/wp\/v2\/posts\/21031\/revisions\/21033"}],"wp:featuredmedia":[{"embeddable":true,"href":"https:\/\/entretormentas.com\/index.php?rest_route=\/wp\/v2\/media\/21032"}],"wp:attachment":[{"href":"https:\/\/entretormentas.com\/index.php?rest_route=%2Fwp%2Fv2%2Fmedia&parent=21031"}],"wp:term":[{"taxonomy":"category","embeddable":true,"href":"https:\/\/entretormentas.com\/index.php?rest_route=%2Fwp%2Fv2%2Fcategories&post=21031"},{"taxonomy":"post_tag","embeddable":true,"href":"https:\/\/entretormentas.com\/index.php?rest_route=%2Fwp%2Fv2%2Ftags&post=21031"}],"curies":[{"name":"wp","href":"https:\/\/api.w.org\/{rel}","templated":true}]}}