{"id":21039,"date":"2025-08-27T10:45:42","date_gmt":"2025-08-27T08:45:42","guid":{"rendered":"https:\/\/entretormentas.com\/?p=21039"},"modified":"2025-08-27T10:45:43","modified_gmt":"2025-08-27T08:45:43","slug":"pan-y-circo","status":"publish","type":"post","link":"https:\/\/entretormentas.com\/pan-y-circo\/","title":{"rendered":"\u00bfPan y Circo?"},"content":{"rendered":"\n<p><strong><em>\u00abM\u00e1s vale ser vencido diciendo la verdad que triunfar por una mentira\u00bb<\/em><\/strong><\/p>\n\n\n\n<p><strong><em>Mahatma Gandhi<\/em><\/strong><\/p>\n\n\n\n<p><strong>ENTRE TORMENTAS.<\/strong> Su nombre, D\u00e9cimo Juvenal, es el de alguien que no tiene tocayo conocido ni le pertenece a ning\u00fan maracucho de esta \u00e9poca o a alguno de otro siglo, sino a un romano creador de la frase \u00abPan y Circo\u00bb de quien dice la historia universal que fue una persona observadora, anal\u00edtica y poeta que gustaba mucho practicar la s\u00e1tira del momento pol\u00edtico de la Roma del Siglo II, 100 d.C, que trascendi\u00f3 a su tiempo.<\/p>\n\n\n\n<p>La frase \u00abPan y Circo\u00bb que hizo famoso a D\u00e9cimo Juvenal, &#8211;a lo mejor sin propon\u00e9rselo&#8211;, la escuch\u00e9 por primera vez en 1.992, d\u00eda 4F, cuando en una \u00abcolita obligada\u00bb nos trasladamos a la base militar BARU, cerca del aeropuerto internacional La Chinita, adonde presuroso ese amanecer, Francisco Arias C\u00e1rdenas, jefe del 1er. intento de Golpe de Estado en el Zulia, contra el gobierno del expresidente Carlos Andr\u00e9s P\u00e9rez, requer\u00eda llegar a ese lugar a toda prisa en el veh\u00edculo de mi propiedad.<\/p>\n\n\n\n<p>En aquel momento, igual que hoy, respiramos un inusitado ambiente tenso, hostil, estresante, cargado de angustia o temor que, ahora mismo, inquieta a cualquiera dentro de Venezuela, ante el enigm\u00e1tico, misterioso e indescifrable destino de la flota de guerra de Estados Unidos de Am\u00e9rica que Mr. Donald Trump, orden\u00f3 estacionar en aguas internacionales frente a las costas venezolanas.<\/p>\n\n\n\n<p>El momento no es f\u00e1cil cuando leemos mensajes, proclamas o escuchamos audios llenos de odio, insultantes y violentos que circulan en las redes sociales de parte de desequilibrados mentales, egoc\u00e9ntricos, fanatizados o radicalizados, autoproclamados pr\u00f3ceres de la libertad y calificados vende humo, quienes desde el exterior o dentro, s\u00f3lo piensan en mezquinos intereses .<\/p>\n\n\n\n<p>Olvidan que dentro de Venezuela no viven conejillos de india, cuando azuzan, manipulan realidades o cruzan los dedos, ligando que suene el primer tirito desde alguna de esas naves de guerra de \u00faltima tecnolog\u00eda que no son barquitos de papel. Son tambi\u00e9n actores de los que dec\u00eda D\u00e9cimo Juvenal a quienes poco importan las consecuencias de una confrontaci\u00f3n entre dos pa\u00edses.<\/p>\n\n\n\n<figure class=\"wp-block-image size-large\"><img fetchpriority=\"high\" decoding=\"async\" width=\"663\" height=\"1024\" src=\"https:\/\/entretormentas.com\/wp-content\/uploads\/2025\/08\/CARICARICARI-663x1024.jpg\" alt=\"\" class=\"wp-image-21040\" srcset=\"https:\/\/entretormentas.com\/wp-content\/uploads\/2025\/08\/CARICARICARI-663x1024.jpg 663w, https:\/\/entretormentas.com\/wp-content\/uploads\/2025\/08\/CARICARICARI-194x300.jpg 194w, https:\/\/entretormentas.com\/wp-content\/uploads\/2025\/08\/CARICARICARI.jpg 758w\" sizes=\"(max-width: 663px) 100vw, 663px\" \/><\/figure>\n\n\n\n<p>Aquel ilustre romano del Siglo II disparaba su s\u00e1tira a trav\u00e9s de la frase \u00abPan y Circo\u00bb criticando \u00abla apat\u00eda del pueblo romano que tras el fin de la Rep\u00fablica, se hab\u00eda vuelto indiferente a sus derechos pol\u00edticos y c\u00edvicos\u00bb, a cambio de recibir alimentos, distracciones de carreras de carros o asistir a la lucha entre gladiadores en el Coliseo Romano.<\/p>\n\n\n\n<p>Guardando la distancia, entre D\u00e9cimo Juvenal y lo que pas\u00f3 el 4F de 1.992 en Venezuela, seguramente fue el mismo sentido cr\u00edtico que evoc\u00f3 Arias C\u00e1rdenas aquella ma\u00f1ana contra los gobiernos que nacieron a partir de 1.958 con la ca\u00edda de P\u00e9rez Jim\u00e9nez, cuando, seg\u00fan su apreciaci\u00f3n, la corrupci\u00f3n, despilfarro, regaladera, impunidad y el \u00abPan y Circo\u00bb dominaban el escenario pol\u00edtico del pa\u00eds.<\/p>\n\n\n\n<p>No obstante, &#8211;seg\u00fan la Biblia&#8211;, en uno de sus pasajes dice que con la vara que midas ser\u00e1s medido . Hoy es la evidencia clara en cuanto a que a los venezolanos el remedio nos ha resultado m\u00e1s caro que la enfermedad. Esa circunstancia no expresa en modo alguno perversidad si nos dedicamos a observar la recurrencia de casos de alta notoriedad, escandalosos, deplorables y lamentables cuando los vicios criticados a gobiernos anteriores han crecido y tenido su repetici\u00f3n \u00e9stos \u00faltimos 26 a\u00f1os.<\/p>\n\n\n\n<p>Lo cierto es que el ambiente enrarecido que nos toca vivir a los venezolanos no solo preocupa, sino que obliga a la sensatez, estar alertas y a poner los pies en tierra firme. La \u00abamenaza\u00bb del gobierno de Mr. Trump ha puesto en alerta al de Venezuela que ha abierto m\u00e1s la discordia con el cruce de afirmaciones, acusaciones y se\u00f1alamientos entre ambos. Es una especie de terapia dental cuando entre dos fieras la intimidaci\u00f3n es el paso previo al ataque.<\/p>\n\n\n\n<p>Una pelea, escaramuza o contacto b\u00e9lico entre la primera potencia militar del mundo contra una naci\u00f3n caribe\u00f1a no creo que lleve a un final feliz. La realidad indica una enorme desigualdad. No obstante, el gobierno venezolano no es mocho ni est\u00e1 atado de manos. Ha llamado a activar una estructura de defensa, pero nadie sabe ni podr\u00e1 adivinar el n\u00famero de decesos si ocurre lo peor.<\/p>\n\n\n\n<p>Sean ciertos o no los argumentos que la administraci\u00f3n de Mr. Trump ha lanzado para detener el negocio de los carteles de la droga, la suspicacia caribe\u00f1a me lleva a pensar que detr\u00e1s de todo su show medi\u00e1tico, lo menos que debe interesarle, preocuparle o lamentar es el bienestar de los venezolanos. \u00a1Amanecer\u00e1 y Veremos!<\/p>\n\n\n\n<p><strong><em>Por Jos\u00e9 Aranguibel Carrasco<br>Caricaturista: Feyo<\/em><\/strong><\/p>\n\n\n\n<p><\/p>\n","protected":false},"excerpt":{"rendered":"<p>\u00abM\u00e1s vale ser vencido diciendo la verdad que triunfar por una mentira\u00bb Mahatma Gandhi ENTRE&#8230;<\/p>\n","protected":false},"author":2,"featured_media":21041,"comment_status":"closed","ping_status":"open","sticky":false,"template":"","format":"standard","meta":{"footnotes":""},"categories":[50],"tags":[],"class_list":["post-21039","post","type-post","status-publish","format-standard","has-post-thumbnail","hentry","category-opinion"],"_links":{"self":[{"href":"https:\/\/entretormentas.com\/index.php?rest_route=\/wp\/v2\/posts\/21039","targetHints":{"allow":["GET"]}}],"collection":[{"href":"https:\/\/entretormentas.com\/index.php?rest_route=\/wp\/v2\/posts"}],"about":[{"href":"https:\/\/entretormentas.com\/index.php?rest_route=\/wp\/v2\/types\/post"}],"author":[{"embeddable":true,"href":"https:\/\/entretormentas.com\/index.php?rest_route=\/wp\/v2\/users\/2"}],"replies":[{"embeddable":true,"href":"https:\/\/entretormentas.com\/index.php?rest_route=%2Fwp%2Fv2%2Fcomments&post=21039"}],"version-history":[{"count":1,"href":"https:\/\/entretormentas.com\/index.php?rest_route=\/wp\/v2\/posts\/21039\/revisions"}],"predecessor-version":[{"id":21042,"href":"https:\/\/entretormentas.com\/index.php?rest_route=\/wp\/v2\/posts\/21039\/revisions\/21042"}],"wp:featuredmedia":[{"embeddable":true,"href":"https:\/\/entretormentas.com\/index.php?rest_route=\/wp\/v2\/media\/21041"}],"wp:attachment":[{"href":"https:\/\/entretormentas.com\/index.php?rest_route=%2Fwp%2Fv2%2Fmedia&parent=21039"}],"wp:term":[{"taxonomy":"category","embeddable":true,"href":"https:\/\/entretormentas.com\/index.php?rest_route=%2Fwp%2Fv2%2Fcategories&post=21039"},{"taxonomy":"post_tag","embeddable":true,"href":"https:\/\/entretormentas.com\/index.php?rest_route=%2Fwp%2Fv2%2Ftags&post=21039"}],"curies":[{"name":"wp","href":"https:\/\/api.w.org\/{rel}","templated":true}]}}