{"id":21051,"date":"2025-08-28T10:34:53","date_gmt":"2025-08-28T08:34:53","guid":{"rendered":"https:\/\/entretormentas.com\/?p=21051"},"modified":"2025-08-28T10:34:53","modified_gmt":"2025-08-28T08:34:53","slug":"en-san-francisco-alcalde-hector-soto-rehabilita-ocho-plazas-y-mas-de-nueve-kilometros-de-vialidad","status":"publish","type":"post","link":"https:\/\/entretormentas.com\/en-san-francisco-alcalde-hector-soto-rehabilita-ocho-plazas-y-mas-de-nueve-kilometros-de-vialidad\/","title":{"rendered":"\u00a1EN SAN FRANCISCO! Alcalde H\u00e9ctor Soto rehabilita ocho plazas y m\u00e1s de nueve kil\u00f3metros de vialidad"},"content":{"rendered":"\n<p><strong>ENTRE TORMENTAS.<\/strong> \u2074A trav\u00e9s del Plan Cayapa de los Servicios P\u00fablicos, impulsado por el Alcalde, H\u00e9ctor Soto, se dio inicio a los trabajos de rehabilitaci\u00f3n de la Avenida 5 de San Francisco, un proyecto que abarca desde la emblem\u00e1tica Plaza de Las Banderas, hasta La Curva de la Vida en la parroquia El Bajo, proyecto que adem\u00e1s contempla el reacondicionamiento de ocho plazas que se encuentran en el mencionado tramo: Las Banderas, Plaza San Luis, Paseo San Francisco, Plaza Juan de Dios Mart\u00ednez, Parque Mara, Plaza Rafael Urdaneta (mejor conocida como Plaza de los Cepillado), Plaza Bol\u00edvar y Plaza La Cruz.<\/p>\n\n\n\n<p>Este macro proyecto prev\u00e9 desarrollarse en tres fases de reacondicionamiento vial: Plaza de las Banderas-Terminal de San Francisco (primera fase), que abarca unos 2.70 kil\u00f3metros; Terminal de Pasajeros-Plaza Bol\u00edvar (segunda fase), cuya extensi\u00f3nes de 3.4 kil\u00f3metros y Plaza Bol\u00edvar-Curva de la Vida (tercera fase), tramo que<br>posee 3 kil\u00f3metros; recuperando as\u00ed un total de 9,10 kil\u00f3metros de v\u00eda.<\/p>\n\n\n\n<figure class=\"wp-block-image size-large\"><img fetchpriority=\"high\" decoding=\"async\" width=\"1024\" height=\"682\" src=\"https:\/\/entretormentas.com\/wp-content\/uploads\/2025\/08\/sotor2-1024x682.jpg\" alt=\"\" class=\"wp-image-21052\" srcset=\"https:\/\/entretormentas.com\/wp-content\/uploads\/2025\/08\/sotor2-1024x682.jpg 1024w, https:\/\/entretormentas.com\/wp-content\/uploads\/2025\/08\/sotor2-300x200.jpg 300w, https:\/\/entretormentas.com\/wp-content\/uploads\/2025\/08\/sotor2-768x512.jpg 768w, https:\/\/entretormentas.com\/wp-content\/uploads\/2025\/08\/sotor2.jpg 1280w\" sizes=\"(max-width: 1024px) 100vw, 1024px\" \/><\/figure>\n\n\n\n<p>Las labores que se ejecutar\u00e1n ser\u00e1n la recolecci\u00f3n de desechos s\u00f3lidos, reasfaltado, luminaria, demarcaci\u00f3n, pintura de acera y brocales, colocaci\u00f3n de tachas reflectivas, entre otras, beneficiando a 111.994 habitantes de la comunidad sure\u00f1a a trav\u00e9s del flujo vial, la conectividad e impulsando la econom\u00eda del municipio.<\/p>\n\n\n\n<p>Al respecto, el l\u00edder municipal, H\u00e9ctor Soto, expres\u00f3 que este es el segundo plan que se inicia para la<br>recuperaci\u00f3n de la infraestructura de la localidad y que \u201cse encuentra en el marco de los cuatro niveles de gobierno, favoreciendo a 5 comunas y circuitos comunales, de la mano con el Plan Cayapa iniciado en la calle 171, de La Urbanizaci\u00f3n La Coromoto\u201d, resalt\u00f3.<\/p>\n\n\n\n<figure class=\"wp-block-image size-large\"><img decoding=\"async\" width=\"1024\" height=\"682\" src=\"https:\/\/entretormentas.com\/wp-content\/uploads\/2025\/08\/sotor3-1024x682.jpg\" alt=\"\" class=\"wp-image-21053\" srcset=\"https:\/\/entretormentas.com\/wp-content\/uploads\/2025\/08\/sotor3-1024x682.jpg 1024w, https:\/\/entretormentas.com\/wp-content\/uploads\/2025\/08\/sotor3-300x200.jpg 300w, https:\/\/entretormentas.com\/wp-content\/uploads\/2025\/08\/sotor3-768x512.jpg 768w, https:\/\/entretormentas.com\/wp-content\/uploads\/2025\/08\/sotor3.jpg 1280w\" sizes=\"(max-width: 1024px) 100vw, 1024px\" \/><\/figure>\n\n\n\n<p>Por otro lado, Soto anunci\u00f3 que pr\u00f3ximamente se desarrollar\u00e1 un proyecto de recuperaci\u00f3n vial en el marco del Plan de las Siete Transformaciones (7T), en las parroquias Marcial Hern\u00e1ndez, Domitila Flores y Jos\u00e9 Domingo Rus, impulsado por el presidente Nicol\u00e1s Maduro junto al Gobernador Bolivariano del Zulia, Luis Gerardo<br>Caldera.<\/p>\n\n\n\n<p>Finalmente, el mandatario municipal destac\u00f3 que esta iniciativa busca consolidar y mejorar las avenidas de la localidad, al igual que brindar espacios modernos, recreativos y educativos para el disfrute tanto de los sanfranciscanos como para quienes visiten este municipio en esta nueva etapa de desarrollo y crecimiento.<br><strong><em>ET \/ Nota de Prensa<\/em><\/strong><\/p>\n\n\n\n<p><\/p>\n","protected":false},"excerpt":{"rendered":"<p>ENTRE TORMENTAS. \u2074A trav\u00e9s del Plan Cayapa de los Servicios P\u00fablicos, impulsado por el Alcalde,&#8230;<\/p>\n","protected":false},"author":2,"featured_media":21054,"comment_status":"closed","ping_status":"open","sticky":false,"template":"","format":"standard","meta":{"footnotes":""},"categories":[57,1],"tags":[],"class_list":["post-21051","post","type-post","status-publish","format-standard","has-post-thumbnail","hentry","category-actualidad","category-regionales"],"_links":{"self":[{"href":"https:\/\/entretormentas.com\/index.php?rest_route=\/wp\/v2\/posts\/21051","targetHints":{"allow":["GET"]}}],"collection":[{"href":"https:\/\/entretormentas.com\/index.php?rest_route=\/wp\/v2\/posts"}],"about":[{"href":"https:\/\/entretormentas.com\/index.php?rest_route=\/wp\/v2\/types\/post"}],"author":[{"embeddable":true,"href":"https:\/\/entretormentas.com\/index.php?rest_route=\/wp\/v2\/users\/2"}],"replies":[{"embeddable":true,"href":"https:\/\/entretormentas.com\/index.php?rest_route=%2Fwp%2Fv2%2Fcomments&post=21051"}],"version-history":[{"count":1,"href":"https:\/\/entretormentas.com\/index.php?rest_route=\/wp\/v2\/posts\/21051\/revisions"}],"predecessor-version":[{"id":21055,"href":"https:\/\/entretormentas.com\/index.php?rest_route=\/wp\/v2\/posts\/21051\/revisions\/21055"}],"wp:featuredmedia":[{"embeddable":true,"href":"https:\/\/entretormentas.com\/index.php?rest_route=\/wp\/v2\/media\/21054"}],"wp:attachment":[{"href":"https:\/\/entretormentas.com\/index.php?rest_route=%2Fwp%2Fv2%2Fmedia&parent=21051"}],"wp:term":[{"taxonomy":"category","embeddable":true,"href":"https:\/\/entretormentas.com\/index.php?rest_route=%2Fwp%2Fv2%2Fcategories&post=21051"},{"taxonomy":"post_tag","embeddable":true,"href":"https:\/\/entretormentas.com\/index.php?rest_route=%2Fwp%2Fv2%2Ftags&post=21051"}],"curies":[{"name":"wp","href":"https:\/\/api.w.org\/{rel}","templated":true}]}}