{"id":21267,"date":"2025-09-01T10:12:39","date_gmt":"2025-09-01T08:12:39","guid":{"rendered":"https:\/\/entretormentas.com\/?p=21267"},"modified":"2025-09-01T10:12:40","modified_gmt":"2025-09-01T08:12:40","slug":"con-la-bendicion-de-santa-rosa-de-lima-gobernacion-lleva-el-plan-cayapa-de-la-salud-a-francisco-javier-pulgar","status":"publish","type":"post","link":"https:\/\/entretormentas.com\/con-la-bendicion-de-santa-rosa-de-lima-gobernacion-lleva-el-plan-cayapa-de-la-salud-a-francisco-javier-pulgar\/","title":{"rendered":"\u00a1CON LA BENDICI\u00d3N DE SANTA ROSA DE LIMA! Gobernaci\u00f3n lleva el Plan Cayapa de la Salud a Francisco Javier Pulgar"},"content":{"rendered":"\n<p><strong>ENTRE TORMENTAS.<\/strong> El Plan Cayapa de la Salud lleg\u00f3 al municipio Francisco Javier Pulgar con la bendici\u00f3n de Santa Rosa de Lima, patrona de esa localidad situada en el Sur del Lago; as\u00ed como de la parroquia La Rosita, en el municipio Mara.<\/p>\n\n\n\n<p>Tras una ceremonia religiosa para celebrar el d\u00eda de la santa y los 30 a\u00f1os de creaci\u00f3n de la parroquia eclesi\u00e1stica, el Gobernador Bolivariano del Zulia Luis Caldera inici\u00f3 este plan de salud en el Centro de Diagn\u00f3stico Integral (CDI) y en el Ambulatorio tipo II de Pueblo Nuevo, cumpliendo su compromiso con esta poblaci\u00f3n surlaguense de atender estos planteles de salud.<\/p>\n\n\n\n<figure class=\"wp-block-image size-large\"><img fetchpriority=\"high\" decoding=\"async\" width=\"1024\" height=\"683\" src=\"https:\/\/entretormentas.com\/wp-content\/uploads\/2025\/09\/delima2-1024x683.jpeg\" alt=\"\" class=\"wp-image-21268\" srcset=\"https:\/\/entretormentas.com\/wp-content\/uploads\/2025\/09\/delima2-1024x683.jpeg 1024w, https:\/\/entretormentas.com\/wp-content\/uploads\/2025\/09\/delima2-300x200.jpeg 300w, https:\/\/entretormentas.com\/wp-content\/uploads\/2025\/09\/delima2-768x512.jpeg 768w, https:\/\/entretormentas.com\/wp-content\/uploads\/2025\/09\/delima2.jpeg 1280w\" sizes=\"(max-width: 1024px) 100vw, 1024px\" \/><\/figure>\n\n\n\n<p>La intervenci\u00f3n inici\u00f3 este s\u00e1bado 30 de agosto con los trabajos de adecuaci\u00f3n de espacios, desmalezamiento, limpieza general, recuperaci\u00f3n de la infraestructura y climatizaci\u00f3n de las \u00e1reas. El Plan Cayapa la Salud, impulsado por el gobernador Caldera bajo los lineamientos del presidente Nicol\u00e1s Maduro Moros llega a 33 centros intervenidos con el CDI y Ambulatorio de Pueblo Nuevo &#8211; El Chivo.<\/p>\n\n\n\n<p>Est\u00e1 acci\u00f3n busca fortalecer el sistema regional de salud y dar prioridad y acceso a la atenci\u00f3n m\u00e9dica gratuita y de calidad para todos los habitantes de la regi\u00f3n zuliana.<\/p>\n\n\n\n<p>Durante la ceremonia religiosa y el comienzo del plan de salud regional en la jurisdicci\u00f3n, el mandatario regional estuvo acompa\u00f1ado de la primera Dama, Roselyn L\u00f3pez de Caldera; la presidenta del Consejo Legislativo del estado Zulia (Clez), Magdely Valbuena, y parte de su equipo de trabajo.<\/p>\n\n\n\n<figure class=\"wp-block-image size-large\"><img decoding=\"async\" width=\"1024\" height=\"683\" src=\"https:\/\/entretormentas.com\/wp-content\/uploads\/2025\/09\/delima3-1024x683.jpeg\" alt=\"\" class=\"wp-image-21269\" srcset=\"https:\/\/entretormentas.com\/wp-content\/uploads\/2025\/09\/delima3-1024x683.jpeg 1024w, https:\/\/entretormentas.com\/wp-content\/uploads\/2025\/09\/delima3-300x200.jpeg 300w, https:\/\/entretormentas.com\/wp-content\/uploads\/2025\/09\/delima3-768x512.jpeg 768w, https:\/\/entretormentas.com\/wp-content\/uploads\/2025\/09\/delima3.jpeg 1280w\" sizes=\"(max-width: 1024px) 100vw, 1024px\" \/><\/figure>\n\n\n\n<p>El mandatario regional salud\u00f3 a Monse\u00f1or Juan de Dios Pe\u00f1a Rojas, obispo de la Di\u00f3cesis de El Vig\u00eda-San Carlos del Zulia, as\u00ed como al p\u00e1rroco de la comunidad en el 30 aniversario de la creaci\u00f3n de la parroquia.<\/p>\n\n\n\n<p>Tambi\u00e9n extendi\u00f3 un saludo a los sacerdotes de la di\u00f3cesis, grupos de apostolado, al alcalde del municipio, Ervins Rosales, y a los concejales, que se unieron al j\u00fabilo de la festividad en honor a la patrona de Am\u00e9rica.<\/p>\n\n\n\n<p>El gobernador Caldera se ofreci\u00f3 a la comunidad del municipio Francisco Javier Pulgar como \u201cun servidor para seguir fortaleciendo la obra de Dios, que es la obra para los humildes\u201d.<br><strong><em>ET \/ Nota de Prensa<\/em><\/strong><\/p>\n\n\n\n<p><\/p>\n","protected":false},"excerpt":{"rendered":"<p>ENTRE TORMENTAS. El Plan Cayapa de la Salud lleg\u00f3 al municipio Francisco Javier Pulgar con&#8230;<\/p>\n","protected":false},"author":2,"featured_media":21270,"comment_status":"closed","ping_status":"open","sticky":false,"template":"","format":"standard","meta":{"footnotes":""},"categories":[56,1],"tags":[],"class_list":["post-21267","post","type-post","status-publish","format-standard","has-post-thumbnail","hentry","category-destacadas","category-regionales"],"_links":{"self":[{"href":"https:\/\/entretormentas.com\/index.php?rest_route=\/wp\/v2\/posts\/21267","targetHints":{"allow":["GET"]}}],"collection":[{"href":"https:\/\/entretormentas.com\/index.php?rest_route=\/wp\/v2\/posts"}],"about":[{"href":"https:\/\/entretormentas.com\/index.php?rest_route=\/wp\/v2\/types\/post"}],"author":[{"embeddable":true,"href":"https:\/\/entretormentas.com\/index.php?rest_route=\/wp\/v2\/users\/2"}],"replies":[{"embeddable":true,"href":"https:\/\/entretormentas.com\/index.php?rest_route=%2Fwp%2Fv2%2Fcomments&post=21267"}],"version-history":[{"count":1,"href":"https:\/\/entretormentas.com\/index.php?rest_route=\/wp\/v2\/posts\/21267\/revisions"}],"predecessor-version":[{"id":21271,"href":"https:\/\/entretormentas.com\/index.php?rest_route=\/wp\/v2\/posts\/21267\/revisions\/21271"}],"wp:featuredmedia":[{"embeddable":true,"href":"https:\/\/entretormentas.com\/index.php?rest_route=\/wp\/v2\/media\/21270"}],"wp:attachment":[{"href":"https:\/\/entretormentas.com\/index.php?rest_route=%2Fwp%2Fv2%2Fmedia&parent=21267"}],"wp:term":[{"taxonomy":"category","embeddable":true,"href":"https:\/\/entretormentas.com\/index.php?rest_route=%2Fwp%2Fv2%2Fcategories&post=21267"},{"taxonomy":"post_tag","embeddable":true,"href":"https:\/\/entretormentas.com\/index.php?rest_route=%2Fwp%2Fv2%2Ftags&post=21267"}],"curies":[{"name":"wp","href":"https:\/\/api.w.org\/{rel}","templated":true}]}}