{"id":21289,"date":"2025-09-02T10:02:45","date_gmt":"2025-09-02T08:02:45","guid":{"rendered":"https:\/\/entretormentas.com\/?p=21289"},"modified":"2025-09-02T10:02:46","modified_gmt":"2025-09-02T08:02:46","slug":"primera-dama-de-maracaibo-di-martino-impulso-hace-24-anos-los-consejos-de-proteccion-del-nino-nina-y-adolescente","status":"publish","type":"post","link":"https:\/\/entretormentas.com\/primera-dama-de-maracaibo-di-martino-impulso-hace-24-anos-los-consejos-de-proteccion-del-nino-nina-y-adolescente\/","title":{"rendered":"PRIMERA DAMA DE MARACAIBO: \u00abDi Martino impuls\u00f3 hace 24 a\u00f1os los Consejos de Protecci\u00f3n del Ni\u00f1o, Ni\u00f1a y Adolescente\u00bb"},"content":{"rendered":"\n<p><strong>ENTRE TORMENTAS.<\/strong> Este 1 de septiembre se cumplen 24 a\u00f1os de la creaci\u00f3n de los Consejos de Protecci\u00f3n del Ni\u00f1o, Ni\u00f1a y Adolescente por parte del alcalde bolivariano de Maracaibo, Giancarlo Di Martino, quien en el a\u00f1o 2001, al iniciar su gesti\u00f3n, le dio la importancia al cuidado de la ni\u00f1ez siendo pionero en materia de protecci\u00f3n infantil.<\/p>\n\n\n\n<p>As\u00ed lo dio a conocer Ana Clara Barboza de Di Martino, primera dama del municipio y Directora de Desarrollo Social de la alcald\u00eda marabina, destacando que este sistema de protecci\u00f3n fue impulsado por Giancarlo Di Martino y es el que a\u00fan permanece en la ciudad. \u201cGiancarlo fue el primer alcalde que puso en marcha en los \u00f3rganos de la Ley Org\u00e1nica para la Protecci\u00f3n de Ni\u00f1as, Ni\u00f1os y Adolescentes (Lopnna), reci\u00e9n promulgada para ese entonces por el presidente Comandante Hugo Ch\u00e1vez, estricta normativa que resguarda los derechos fundamentales de los ni\u00f1os del pa\u00eds\u201d.<\/p>\n\n\n\n<figure class=\"wp-block-image size-full\"><img fetchpriority=\"high\" decoding=\"async\" width=\"1024\" height=\"683\" src=\"https:\/\/entretormentas.com\/wp-content\/uploads\/2025\/09\/anaclara2.jpeg\" alt=\"\" class=\"wp-image-21290\" srcset=\"https:\/\/entretormentas.com\/wp-content\/uploads\/2025\/09\/anaclara2.jpeg 1024w, https:\/\/entretormentas.com\/wp-content\/uploads\/2025\/09\/anaclara2-300x200.jpeg 300w, https:\/\/entretormentas.com\/wp-content\/uploads\/2025\/09\/anaclara2-768x512.jpeg 768w\" sizes=\"(max-width: 1024px) 100vw, 1024px\" \/><\/figure>\n\n\n\n<p>La Lopnna naci\u00f3 para regular los deberes y responsabilidades relacionadas con la atenci\u00f3n y protecci\u00f3n de los ni\u00f1os, ni\u00f1as y adolescentes, en aras de propiciar una cultura de respeto a sus derechos. Tiene sus bases en la Convenci\u00f3n Internacional sobre los Derechos del Ni\u00f1o, el 20 de noviembre de 1989, cuyo objetivo fue transformar necesidades en derechos.<\/p>\n\n\n\n<p>Indic\u00f3 la primera dama \u201cfuimos modelo del sistema de protecci\u00f3n a nivel nacional y eso lo debe celebrar el municipio, de all\u00ed que en este marco de conmemoraci\u00f3n tenemos varias actividades como es el inicio del plan vacacional como una continuaci\u00f3n de R\u00ede 2025, pero adem\u00e1s tenemos una feria escolar\u201d.<\/p>\n\n\n\n<p>Se\u00f1al\u00f3 que a prop\u00f3sito de esta importante fecha en que como municipio \u201cnos erigimos como modelo a nivel nacional de un sistema integral de protecci\u00f3n al ni\u00f1o, ni\u00f1a y adolescente, estamos organizando unas jornadas de identidad en el oeste de la ciudad y vamos a hacer una sesi\u00f3n especial con nuestros ni\u00f1os en la C\u00e1mara Municipal\u201d.<\/p>\n\n\n\n<p>De igual manera manifest\u00f3 que como parte de la planificaci\u00f3n para el per\u00edodo 2025-2026, tiene en marcha un plan de recuperaci\u00f3n de tres (03) casas de abrigo en la ciudad.<br><strong><em>ET \/ Nota de Prensa<\/em><\/strong><\/p>\n\n\n\n<p><\/p>\n","protected":false},"excerpt":{"rendered":"<p>ENTRE TORMENTAS. Este 1 de septiembre se cumplen 24 a\u00f1os de la creaci\u00f3n de los&#8230;<\/p>\n","protected":false},"author":2,"featured_media":21291,"comment_status":"closed","ping_status":"open","sticky":false,"template":"","format":"standard","meta":{"footnotes":""},"categories":[57,1],"tags":[],"class_list":["post-21289","post","type-post","status-publish","format-standard","has-post-thumbnail","hentry","category-actualidad","category-regionales"],"_links":{"self":[{"href":"https:\/\/entretormentas.com\/index.php?rest_route=\/wp\/v2\/posts\/21289","targetHints":{"allow":["GET"]}}],"collection":[{"href":"https:\/\/entretormentas.com\/index.php?rest_route=\/wp\/v2\/posts"}],"about":[{"href":"https:\/\/entretormentas.com\/index.php?rest_route=\/wp\/v2\/types\/post"}],"author":[{"embeddable":true,"href":"https:\/\/entretormentas.com\/index.php?rest_route=\/wp\/v2\/users\/2"}],"replies":[{"embeddable":true,"href":"https:\/\/entretormentas.com\/index.php?rest_route=%2Fwp%2Fv2%2Fcomments&post=21289"}],"version-history":[{"count":1,"href":"https:\/\/entretormentas.com\/index.php?rest_route=\/wp\/v2\/posts\/21289\/revisions"}],"predecessor-version":[{"id":21292,"href":"https:\/\/entretormentas.com\/index.php?rest_route=\/wp\/v2\/posts\/21289\/revisions\/21292"}],"wp:featuredmedia":[{"embeddable":true,"href":"https:\/\/entretormentas.com\/index.php?rest_route=\/wp\/v2\/media\/21291"}],"wp:attachment":[{"href":"https:\/\/entretormentas.com\/index.php?rest_route=%2Fwp%2Fv2%2Fmedia&parent=21289"}],"wp:term":[{"taxonomy":"category","embeddable":true,"href":"https:\/\/entretormentas.com\/index.php?rest_route=%2Fwp%2Fv2%2Fcategories&post=21289"},{"taxonomy":"post_tag","embeddable":true,"href":"https:\/\/entretormentas.com\/index.php?rest_route=%2Fwp%2Fv2%2Ftags&post=21289"}],"curies":[{"name":"wp","href":"https:\/\/api.w.org\/{rel}","templated":true}]}}