{"id":21293,"date":"2025-09-02T10:08:18","date_gmt":"2025-09-02T08:08:18","guid":{"rendered":"https:\/\/entretormentas.com\/?p=21293"},"modified":"2025-09-02T10:08:19","modified_gmt":"2025-09-02T08:08:19","slug":"chamos-felices-alegria-y-diversion-en-inicio-del-plan-vacacional-de-la-alcaldia-de-maracaibo","status":"publish","type":"post","link":"https:\/\/entretormentas.com\/chamos-felices-alegria-y-diversion-en-inicio-del-plan-vacacional-de-la-alcaldia-de-maracaibo\/","title":{"rendered":"\u00a1CHAMOS FELICES! Alegr\u00eda y diversi\u00f3n en inicio del Plan Vacacional de la Alcald\u00eda de Maracaibo"},"content":{"rendered":"\n<p><strong>ENTRE TORMENTAS.<\/strong> La alegr\u00eda de centenares de ni\u00f1os se desbord\u00f3 este lunes en el inicio del Plan Vacacional para los hijos de los trabajadores de la Alcald\u00eda de Maracaibo, que puso en marcha la Direcci\u00f3n de Desarrollo Social a cargo de Ana Clara de Di Martino.<\/p>\n\n\n\n<p>El programa recreativo, en el que participan 600 ni\u00f1os de 7 a 11 a\u00f1os de edad, comenz\u00f3 \u2018a todo tren\u2019 en el Parque Vereda del Lago y se extender\u00e1 durante tres d\u00edas.<\/p>\n\n\n\n<figure class=\"wp-block-image size-full\"><img fetchpriority=\"high\" decoding=\"async\" width=\"1024\" height=\"683\" src=\"https:\/\/entretormentas.com\/wp-content\/uploads\/2025\/09\/chamosfelices2.jpeg\" alt=\"\" class=\"wp-image-21294\" srcset=\"https:\/\/entretormentas.com\/wp-content\/uploads\/2025\/09\/chamosfelices2.jpeg 1024w, https:\/\/entretormentas.com\/wp-content\/uploads\/2025\/09\/chamosfelices2-300x200.jpeg 300w, https:\/\/entretormentas.com\/wp-content\/uploads\/2025\/09\/chamosfelices2-768x512.jpeg 768w\" sizes=\"(max-width: 1024px) 100vw, 1024px\" \/><\/figure>\n\n\n\n<p>Este lunes en la vereda, los ni\u00f1os disfrutaron de actividades culturales y deportivas a cargo de j\u00f3venes del Instituto Municipal del Deporte y la Recreaci\u00f3n (Imdeprec). Tambi\u00e9n se divirtieron con un show canino que ofreci\u00f3 el Instituto Municipal de Protecci\u00f3n Animal (Impa).<\/p>\n\n\n\n<p>Ana Clara Barboza de Di Martino, directora de Desarrollo Social, expres\u00f3: \u201cHoy iniciamos el plan vacacional que ten\u00edamos preparado para nuestros ni\u00f1os y ni\u00f1as, hijos de los trabajadores de la Alcald\u00eda de Maracaibo. Son 600 ni\u00f1os que hoy comienzan este hermoso programa que hemos preparado entre todas las direcciones de la Alcald\u00eda de Maracaibo. Indudablemente es un gran compromiso, por lo tanto, lo estamos haciendo con todo el cari\u00f1o, respeto y dedicaci\u00f3n que se merecen nuestros trabajadores y sus hijos\u201d.<\/p>\n\n\n\n<p>Destac\u00f3 que funcionarios de Protecci\u00f3n Civil, Polimaracaibo, bomberos y de salud fueron desplegados en forma preventiva en la Vereda del Lago para garantizar la seguridad y bienestar de los peque\u00f1os durante sus actividades.<\/p>\n\n\n\n<p>La funcionaria mencion\u00f3 que cada ni\u00f1o recibi\u00f3 un kit deportivo con uniforme, gorra y bolso.<\/p>\n\n\n\n<p><strong>PEL\u00cdCULAS Y CHAPUZ\u00d3N<\/strong><br>M\u00e1s de 100 recreadores de la Red Integral de Recreadores (RIE) a nivel nacional se encargan de ofrecer las actividades a los ni\u00f1os.<\/p>\n\n\n\n<figure class=\"wp-block-image size-full\"><img decoding=\"async\" width=\"1024\" height=\"683\" src=\"https:\/\/entretormentas.com\/wp-content\/uploads\/2025\/09\/chamosfelices3.jpeg\" alt=\"\" class=\"wp-image-21295\" srcset=\"https:\/\/entretormentas.com\/wp-content\/uploads\/2025\/09\/chamosfelices3.jpeg 1024w, https:\/\/entretormentas.com\/wp-content\/uploads\/2025\/09\/chamosfelices3-300x200.jpeg 300w, https:\/\/entretormentas.com\/wp-content\/uploads\/2025\/09\/chamosfelices3-768x512.jpeg 768w\" sizes=\"(max-width: 1024px) 100vw, 1024px\" \/><\/figure>\n\n\n\n<p>Gustavo Gonz\u00e1lez, encargado del plan en la Vereda del Lago, manifest\u00f3: \u201cHoy, con la Alcald\u00eda Bolivariana de Maracaibo, estamos desarrollando bailes, juegos y actividades de integraci\u00f3n. Tenemos muchas sorpresas para los ni\u00f1os, ma\u00f1ana martes disfrutaremos en Cines Unidos y el mi\u00e9rcoles iremos a Aqu\u00e1tica para que los ni\u00f1os tengan los tres mejores d\u00edas posibles y mucha diversi\u00f3n\u201d.<\/p>\n\n\n\n<p><strong>\u00a1CHAMOS FELICES!<\/strong><br>Mauricio Arens, de 9 a\u00f1os, no paraba de saltar y sonre\u00edr. Nos expres\u00f3 su felicidad en palabras: \u201cLo que m\u00e1s me ha gustado son las canciones, o mejor dicho, todo. He bailado, me he divertido mucho\u201d.<\/p>\n\n\n\n<p>Por su parte, Mar\u00eda Gabriela Perozo, de 10 a\u00f1os, dijo: \u201cLa estoy pasando s\u00faper bien, me gusta mucho la m\u00fasica y todos los juegos que hacen\u201d.<br><strong><em>ET \/ Nota de Prensa<\/em><\/strong><\/p>\n\n\n\n<p><\/p>\n","protected":false},"excerpt":{"rendered":"<p>ENTRE TORMENTAS. La alegr\u00eda de centenares de ni\u00f1os se desbord\u00f3 este lunes en el inicio&#8230;<\/p>\n","protected":false},"author":2,"featured_media":21296,"comment_status":"closed","ping_status":"open","sticky":false,"template":"","format":"standard","meta":{"footnotes":""},"categories":[57,1],"tags":[],"class_list":["post-21293","post","type-post","status-publish","format-standard","has-post-thumbnail","hentry","category-actualidad","category-regionales"],"_links":{"self":[{"href":"https:\/\/entretormentas.com\/index.php?rest_route=\/wp\/v2\/posts\/21293","targetHints":{"allow":["GET"]}}],"collection":[{"href":"https:\/\/entretormentas.com\/index.php?rest_route=\/wp\/v2\/posts"}],"about":[{"href":"https:\/\/entretormentas.com\/index.php?rest_route=\/wp\/v2\/types\/post"}],"author":[{"embeddable":true,"href":"https:\/\/entretormentas.com\/index.php?rest_route=\/wp\/v2\/users\/2"}],"replies":[{"embeddable":true,"href":"https:\/\/entretormentas.com\/index.php?rest_route=%2Fwp%2Fv2%2Fcomments&post=21293"}],"version-history":[{"count":1,"href":"https:\/\/entretormentas.com\/index.php?rest_route=\/wp\/v2\/posts\/21293\/revisions"}],"predecessor-version":[{"id":21297,"href":"https:\/\/entretormentas.com\/index.php?rest_route=\/wp\/v2\/posts\/21293\/revisions\/21297"}],"wp:featuredmedia":[{"embeddable":true,"href":"https:\/\/entretormentas.com\/index.php?rest_route=\/wp\/v2\/media\/21296"}],"wp:attachment":[{"href":"https:\/\/entretormentas.com\/index.php?rest_route=%2Fwp%2Fv2%2Fmedia&parent=21293"}],"wp:term":[{"taxonomy":"category","embeddable":true,"href":"https:\/\/entretormentas.com\/index.php?rest_route=%2Fwp%2Fv2%2Fcategories&post=21293"},{"taxonomy":"post_tag","embeddable":true,"href":"https:\/\/entretormentas.com\/index.php?rest_route=%2Fwp%2Fv2%2Ftags&post=21293"}],"curies":[{"name":"wp","href":"https:\/\/api.w.org\/{rel}","templated":true}]}}