{"id":21298,"date":"2025-09-02T10:14:20","date_gmt":"2025-09-02T08:14:20","guid":{"rendered":"https:\/\/entretormentas.com\/?p=21298"},"modified":"2025-09-02T10:14:20","modified_gmt":"2025-09-02T08:14:20","slug":"con-descuentos-de-20-y-30-alcaldia-de-maracaibo-inicia-este-viernes-5-sep-su-feria-escolar","status":"publish","type":"post","link":"https:\/\/entretormentas.com\/con-descuentos-de-20-y-30-alcaldia-de-maracaibo-inicia-este-viernes-5-sep-su-feria-escolar\/","title":{"rendered":"\u00a1CON DESCUENTOS DE 20 Y 30%! Alcald\u00eda de Maracaibo inicia este viernes 5-Sep su Feria Escolar"},"content":{"rendered":"\n<p><strong>ENTRE TORMENTAS. <\/strong>Con descuentos especiales se inicia este viernes 5 de septiembre la gran Feria Escolar en alianza entre la alcald\u00eda bolivariana de Maracaibo y la empresa privada y se llevar\u00e1 a cabo en la Plazoleta de la Bas\u00edlica y el 9 de septiembre en el m\u00f3dulo policial de la Curva de Molina.<\/p>\n\n\n\n<p>As\u00ed lo dio a conocer la Coordinadora de la Feria Escolar, Carolina Esteva, quien destac\u00f3 que entre los productos a ofrecer en la feria escolar est\u00e1n los textos y \u00fatiles escolares, uniformes, zapatos escolares, morrales y loncheras.<\/p>\n\n\n\n<p>Esta feria forma parte de la atenci\u00f3n social que la alcald\u00eda bolivariana de Maracaibo le brinda a toda la comunidad que busca en estas fechas todo lo que los hijos necesitan para el regreso a clases.<\/p>\n\n\n\n<p>Carolina Esteva destac\u00f3 que habr\u00e1 descuentos del 20% en textos escolares y 30% en \u00fatiles y uniformes, \u201cde manera que invitamos a la comunidad marabina para que acudan a buscar todo lo que necesitan sus ni\u00f1os y ni\u00f1as para el feliz regreso a clases\u201d.<\/p>\n\n\n\n<p>La directora de Desarrollo Social de la alcald\u00eda marabina, Ana Clara Barboza de Di Martino, invit\u00f3 a todos los padres a asistir a esta feria escolar a partir del 5 de septiembre en la Bas\u00edlica y el 09 de septiembre en La Curva de Molina, \u201cen ambos sitios culmina el 05 de octubre. Y esto es parte de las cosas que hacemos pensando en todas las familias marabinas de nuestra primera ciudad de Venezuela!.\u201d<br><strong><em>ET \/ Nota de Prensa<\/em><\/strong><\/p>\n\n\n\n<p><\/p>\n","protected":false},"excerpt":{"rendered":"<p>ENTRE TORMENTAS. Con descuentos especiales se inicia este viernes 5 de septiembre la gran Feria&#8230;<\/p>\n","protected":false},"author":2,"featured_media":21299,"comment_status":"closed","ping_status":"open","sticky":false,"template":"","format":"standard","meta":{"footnotes":""},"categories":[57,1],"tags":[],"class_list":["post-21298","post","type-post","status-publish","format-standard","has-post-thumbnail","hentry","category-actualidad","category-regionales"],"_links":{"self":[{"href":"https:\/\/entretormentas.com\/index.php?rest_route=\/wp\/v2\/posts\/21298","targetHints":{"allow":["GET"]}}],"collection":[{"href":"https:\/\/entretormentas.com\/index.php?rest_route=\/wp\/v2\/posts"}],"about":[{"href":"https:\/\/entretormentas.com\/index.php?rest_route=\/wp\/v2\/types\/post"}],"author":[{"embeddable":true,"href":"https:\/\/entretormentas.com\/index.php?rest_route=\/wp\/v2\/users\/2"}],"replies":[{"embeddable":true,"href":"https:\/\/entretormentas.com\/index.php?rest_route=%2Fwp%2Fv2%2Fcomments&post=21298"}],"version-history":[{"count":1,"href":"https:\/\/entretormentas.com\/index.php?rest_route=\/wp\/v2\/posts\/21298\/revisions"}],"predecessor-version":[{"id":21300,"href":"https:\/\/entretormentas.com\/index.php?rest_route=\/wp\/v2\/posts\/21298\/revisions\/21300"}],"wp:featuredmedia":[{"embeddable":true,"href":"https:\/\/entretormentas.com\/index.php?rest_route=\/wp\/v2\/media\/21299"}],"wp:attachment":[{"href":"https:\/\/entretormentas.com\/index.php?rest_route=%2Fwp%2Fv2%2Fmedia&parent=21298"}],"wp:term":[{"taxonomy":"category","embeddable":true,"href":"https:\/\/entretormentas.com\/index.php?rest_route=%2Fwp%2Fv2%2Fcategories&post=21298"},{"taxonomy":"post_tag","embeddable":true,"href":"https:\/\/entretormentas.com\/index.php?rest_route=%2Fwp%2Fv2%2Ftags&post=21298"}],"curies":[{"name":"wp","href":"https:\/\/api.w.org\/{rel}","templated":true}]}}