{"id":21301,"date":"2025-09-02T10:20:08","date_gmt":"2025-09-02T08:20:08","guid":{"rendered":"https:\/\/entretormentas.com\/?p=21301"},"modified":"2025-09-02T10:20:09","modified_gmt":"2025-09-02T08:20:09","slug":"desde-el-terminal-hugo-chavez-reactivan-transporte-lacustre-de-maracaibo-a-los-puertos-de-altagracia-y-san-carlos","status":"publish","type":"post","link":"https:\/\/entretormentas.com\/desde-el-terminal-hugo-chavez-reactivan-transporte-lacustre-de-maracaibo-a-los-puertos-de-altagracia-y-san-carlos\/","title":{"rendered":"\u00a1DESDE EL TERMINAL HUGO CH\u00c1VEZ! Reactivan transporte lacustre de Maracaibo a Los Puertos de Altagracia y San Carlos"},"content":{"rendered":"\n<p><strong>ENTRE TORMENTAS. <\/strong>Desde este lunes 1 de septiembre y como ya hab\u00eda sido anunciado por el gobernador del Zulia, Luis Caldera, y el ministro para el Transporte, M\/G Ram\u00f3n Vel\u00e1squez Araguay\u00e1n, fue reactivado el servicio de transporte lacustre desde el Terminal Hugo Ch\u00e1vez Fr\u00edas de Maracaibo, hacia Los Puertos de Altagracia, municipio Miranda y, desde el pr\u00f3ximo s\u00e1bado 6 y domingo 7, los paseos tur\u00edsticos a la pen\u00ednsula de San Carlos, en Almirante Padilla.<\/p>\n\n\n\n<p>El primer zarpe a Los Puertos de Altagracia se realiz\u00f3 a las 7:00 de la ma\u00f1ana y se cumplir\u00e1n cuatro viajes diarios, hasta las 3:00 de la tarde de lunes a viernes, inform\u00f3 el gerente de este terminal lacustre y del Centro Rafael Urdaneta (CRU), Francisco Urbina, al especificar que el precio del pasaje es de 300 bol\u00edvares o su referencial en divisas a tasa oficial del Banco Central de Venezuela (BCV).<\/p>\n\n\n\n<figure class=\"wp-block-image size-large\"><img fetchpriority=\"high\" decoding=\"async\" width=\"1024\" height=\"682\" src=\"https:\/\/entretormentas.com\/wp-content\/uploads\/2025\/09\/lanchas2-1024x682.jpeg\" alt=\"\" class=\"wp-image-21302\" srcset=\"https:\/\/entretormentas.com\/wp-content\/uploads\/2025\/09\/lanchas2-1024x682.jpeg 1024w, https:\/\/entretormentas.com\/wp-content\/uploads\/2025\/09\/lanchas2-300x200.jpeg 300w, https:\/\/entretormentas.com\/wp-content\/uploads\/2025\/09\/lanchas2-768x512.jpeg 768w, https:\/\/entretormentas.com\/wp-content\/uploads\/2025\/09\/lanchas2.jpeg 1280w\" sizes=\"(max-width: 1024px) 100vw, 1024px\" \/><\/figure>\n\n\n\n<p>Explic\u00f3 que los paseos tur\u00edsticos hacia San Carlos, son todos los s\u00e1bados y domingo, con salida a las 7:30 de la ma\u00f1ana, con retorno a Maracaibo a las 6:00 de la tarde. El pasaje es de mil 500 bol\u00edvares o su referencial en divisas a tasa BCV, ida y vuelta. El ingreso por pasaje permitir\u00e1 generar ingresos para el mantenimiento de la flota.<\/p>\n\n\n\n<p>Urbina expres\u00f3 que, para el cierre de 2025, se tienen una proyecci\u00f3n de ocho mil pasajeros movilizados por la autopista lacustre a los destinos mencionados, dentro de las pol\u00edticas para el buen vivir impulsadas por el presidente Nicol\u00e1s Maduro y que garantiza en el Zulia el gobernador Caldera, a trav\u00e9s del desarrollo del sistema de hidrov\u00edas, que implica rapidez en los traslados entre los municipios costeros.<\/p>\n\n\n\n<p><strong>AVANZA REHABILITACI\u00d3N DEL TERMINAL LACUSTRE<\/strong><br>Esta cifra tambi\u00e9n se visualiza tomando en cuenta los trabajos de rehabilitaci\u00f3n que se desarrollan en el Terminal Lacustre Hugo Ch\u00e1vez Fr\u00edas, los cuales fueron iniciados el pasado 22 de agosto por el gobernador Caldera y que viene a fortalecer los motores econ\u00f3mico, tur\u00edstico y cultural del estado.<\/p>\n\n\n\n<p>Urbina detall\u00f3 que las labores que se ejecutan en este espacio ubicado en el malec\u00f3n de Maracaibo, son de pintura, sistema de iluminaci\u00f3n, climatizaci\u00f3n con sistema de aires acondicionados y reparaci\u00f3n de las salas sanitarias.<\/p>\n\n\n\n<p>Esta obra impulsada por el gobernador Caldera en articulaci\u00f3n con el Ministerio para el Transporte, da cumplimiento a los compromisos con el pueblo y sigue empe\u00f1ado en el Plan de la Patria de las 7T el buen vivir, a trav\u00e9s de transformaci\u00f3n econ\u00f3mica y la recuperaci\u00f3n de la independencia consolidando la paz.<\/p>\n\n\n\n<figure class=\"wp-block-image size-large\"><img decoding=\"async\" width=\"1024\" height=\"683\" src=\"https:\/\/entretormentas.com\/wp-content\/uploads\/2025\/09\/lanchas3-1024x683.jpeg\" alt=\"\" class=\"wp-image-21303\" srcset=\"https:\/\/entretormentas.com\/wp-content\/uploads\/2025\/09\/lanchas3-1024x683.jpeg 1024w, https:\/\/entretormentas.com\/wp-content\/uploads\/2025\/09\/lanchas3-300x200.jpeg 300w, https:\/\/entretormentas.com\/wp-content\/uploads\/2025\/09\/lanchas3-768x512.jpeg 768w, https:\/\/entretormentas.com\/wp-content\/uploads\/2025\/09\/lanchas3.jpeg 1280w\" sizes=\"(max-width: 1024px) 100vw, 1024px\" \/><\/figure>\n\n\n\n<p><strong>VOCES DEL PUEBLO<\/strong><br>Las usuarias Mar\u00eda Rivas y Eglee C\u00e1rdenas celebraron la noticia y destacaron que este transporte es esencial para quienes habitan en otras localidades costeras.<\/p>\n\n\n\n<p>\u00abEs un gran alivio para todos los que necesitamos viajar entre Maracaibo, Los Puertos de Altagracia y San Carlos. El precio me parece bastante bien para el trayecto. Adem\u00e1s, que incluyan los paseos tur\u00edsticos es un punto positivo. Ojal\u00e1 que con las reparaciones del terminal el servicio sea mucho m\u00e1s c\u00f3modo y seguro para todos\u00bb expres\u00f3 Rivas.<\/p>\n\n\n\n<p>Mientras tanto, C\u00e1rdenas exclam\u00f3: Esto es un paso enorme para ahorrar tiempo. Me encanta que tambi\u00e9n hayan pensado en el turismo, con los viajes de fin de semana.<br><strong><em>ET \/ Nota de Prensa<\/em><\/strong><\/p>\n\n\n\n<p><\/p>\n","protected":false},"excerpt":{"rendered":"<p>ENTRE TORMENTAS. Desde este lunes 1 de septiembre y como ya hab\u00eda sido anunciado por&#8230;<\/p>\n","protected":false},"author":2,"featured_media":21304,"comment_status":"closed","ping_status":"open","sticky":false,"template":"","format":"standard","meta":{"footnotes":""},"categories":[57,1],"tags":[],"class_list":["post-21301","post","type-post","status-publish","format-standard","has-post-thumbnail","hentry","category-actualidad","category-regionales"],"_links":{"self":[{"href":"https:\/\/entretormentas.com\/index.php?rest_route=\/wp\/v2\/posts\/21301","targetHints":{"allow":["GET"]}}],"collection":[{"href":"https:\/\/entretormentas.com\/index.php?rest_route=\/wp\/v2\/posts"}],"about":[{"href":"https:\/\/entretormentas.com\/index.php?rest_route=\/wp\/v2\/types\/post"}],"author":[{"embeddable":true,"href":"https:\/\/entretormentas.com\/index.php?rest_route=\/wp\/v2\/users\/2"}],"replies":[{"embeddable":true,"href":"https:\/\/entretormentas.com\/index.php?rest_route=%2Fwp%2Fv2%2Fcomments&post=21301"}],"version-history":[{"count":1,"href":"https:\/\/entretormentas.com\/index.php?rest_route=\/wp\/v2\/posts\/21301\/revisions"}],"predecessor-version":[{"id":21305,"href":"https:\/\/entretormentas.com\/index.php?rest_route=\/wp\/v2\/posts\/21301\/revisions\/21305"}],"wp:featuredmedia":[{"embeddable":true,"href":"https:\/\/entretormentas.com\/index.php?rest_route=\/wp\/v2\/media\/21304"}],"wp:attachment":[{"href":"https:\/\/entretormentas.com\/index.php?rest_route=%2Fwp%2Fv2%2Fmedia&parent=21301"}],"wp:term":[{"taxonomy":"category","embeddable":true,"href":"https:\/\/entretormentas.com\/index.php?rest_route=%2Fwp%2Fv2%2Fcategories&post=21301"},{"taxonomy":"post_tag","embeddable":true,"href":"https:\/\/entretormentas.com\/index.php?rest_route=%2Fwp%2Fv2%2Ftags&post=21301"}],"curies":[{"name":"wp","href":"https:\/\/api.w.org\/{rel}","templated":true}]}}