{"id":21314,"date":"2025-09-02T10:32:13","date_gmt":"2025-09-02T08:32:13","guid":{"rendered":"https:\/\/entretormentas.com\/?p=21314"},"modified":"2025-09-02T10:32:13","modified_gmt":"2025-09-02T08:32:13","slug":"vicepresidenta-del-mas-amenaza-externa-no-puede-ser-excusa-para-desestimar-problemas-de-los-venezolanos","status":"publish","type":"post","link":"https:\/\/entretormentas.com\/vicepresidenta-del-mas-amenaza-externa-no-puede-ser-excusa-para-desestimar-problemas-de-los-venezolanos\/","title":{"rendered":"VICEPRESIDENTA DEL MAS: \u00abAmenaza externa no puede ser excusa para desestimar problemas de los venezolanos\u00bb"},"content":{"rendered":"\n<p><strong>ENTRE TORMENTAS.<\/strong> Al recalcar de manera categ\u00f3rica el rechazo a una posible intervenci\u00f3n extranjera y al derramamiento de sangre en territorio venezolano, la vicepresidenta del MAS, Mar\u00eda Verdeal, asegur\u00f3, sin embargo, que el tema est\u00e1 siendo manipulado por quienes detentan el poder.<\/p>\n\n\n\n<p>\u00abSe ha centrado la amenaza militar de los Estados Unidos en los intereses del ejecutivo nacional y no en el pa\u00eds, en lo que significar\u00eda una intervenci\u00f3n b\u00e9lica para todos sus habitantes\u00bb.<\/p>\n\n\n\n<p>Advirti\u00f3 que la sociedad vive en una tensa incertidumbre con la amenaza extranjera que se cierne sobre Venezuela, raz\u00f3n por la cual hizo un llamado a la unidad nacional para favorecer al pa\u00eds y no para defender a particulares o un color pol\u00edtico.<\/p>\n\n\n\n<p>Verdeal sostuvo que quienes est\u00e1n en puestos de poder deben abocarse a la b\u00fasqueda inmediata de soluciones para enfrentar los problemas de los venezolanos, de acuerdo con las reglas de juego que establece la carta magna y dem\u00e1s leyes de la rep\u00fablica.<\/p>\n\n\n\n<p>\u00abSon tantas las dificultades internas que no puede utilizarse la amenaza externa como una excusa para dejar de lado toda la problem\u00e1tica que atraviesa nuestra sociedad\u00bb.<\/p>\n\n\n\n<p>El MAS abog\u00f3 nuevamente por una amnist\u00eda general para liberar a los presos pol\u00edticos, sean civiles o militares, como tambi\u00e9n para quienes se encuentren en el exilio y puedan regresar sin temor alguno.<\/p>\n\n\n\n<p>\u201cSer\u00eda un gran paso hacia la paz y la reconciliaci\u00f3n del pa\u00eds si se respeta a cabalidad la Constituci\u00f3n Nacional, las libertades individuales, el pluralismo de pensamiento y las reglas b\u00e1sicas de la convivencia democr\u00e1tica, concluy\u00f3.<br><strong><em>ET \/ Prensa MAS<\/em><\/strong><\/p>\n\n\n\n<p><\/p>\n","protected":false},"excerpt":{"rendered":"<p>ENTRE TORMENTAS. Al recalcar de manera categ\u00f3rica el rechazo a una posible intervenci\u00f3n extranjera y&#8230;<\/p>\n","protected":false},"author":2,"featured_media":21315,"comment_status":"closed","ping_status":"open","sticky":false,"template":"","format":"standard","meta":{"footnotes":""},"categories":[56,49],"tags":[],"class_list":["post-21314","post","type-post","status-publish","format-standard","has-post-thumbnail","hentry","category-destacadas","category-nacionales"],"_links":{"self":[{"href":"https:\/\/entretormentas.com\/index.php?rest_route=\/wp\/v2\/posts\/21314","targetHints":{"allow":["GET"]}}],"collection":[{"href":"https:\/\/entretormentas.com\/index.php?rest_route=\/wp\/v2\/posts"}],"about":[{"href":"https:\/\/entretormentas.com\/index.php?rest_route=\/wp\/v2\/types\/post"}],"author":[{"embeddable":true,"href":"https:\/\/entretormentas.com\/index.php?rest_route=\/wp\/v2\/users\/2"}],"replies":[{"embeddable":true,"href":"https:\/\/entretormentas.com\/index.php?rest_route=%2Fwp%2Fv2%2Fcomments&post=21314"}],"version-history":[{"count":1,"href":"https:\/\/entretormentas.com\/index.php?rest_route=\/wp\/v2\/posts\/21314\/revisions"}],"predecessor-version":[{"id":21316,"href":"https:\/\/entretormentas.com\/index.php?rest_route=\/wp\/v2\/posts\/21314\/revisions\/21316"}],"wp:featuredmedia":[{"embeddable":true,"href":"https:\/\/entretormentas.com\/index.php?rest_route=\/wp\/v2\/media\/21315"}],"wp:attachment":[{"href":"https:\/\/entretormentas.com\/index.php?rest_route=%2Fwp%2Fv2%2Fmedia&parent=21314"}],"wp:term":[{"taxonomy":"category","embeddable":true,"href":"https:\/\/entretormentas.com\/index.php?rest_route=%2Fwp%2Fv2%2Fcategories&post=21314"},{"taxonomy":"post_tag","embeddable":true,"href":"https:\/\/entretormentas.com\/index.php?rest_route=%2Fwp%2Fv2%2Ftags&post=21314"}],"curies":[{"name":"wp","href":"https:\/\/api.w.org\/{rel}","templated":true}]}}