{"id":21317,"date":"2025-09-02T10:35:27","date_gmt":"2025-09-02T08:35:27","guid":{"rendered":"https:\/\/entretormentas.com\/?p=21317"},"modified":"2025-09-02T10:35:28","modified_gmt":"2025-09-02T08:35:28","slug":"polemica-venezuela-tacha-de-falsa-denuncia-de-guyana-sobre-ataque-a-equipo-con-material-electoral","status":"publish","type":"post","link":"https:\/\/entretormentas.com\/polemica-venezuela-tacha-de-falsa-denuncia-de-guyana-sobre-ataque-a-equipo-con-material-electoral\/","title":{"rendered":"\u00a1POL\u00c9MICA! Venezuela tacha de \u00abfalsa\u00bb denuncia de Guyana sobre ataque a equipo con material electoral"},"content":{"rendered":"\n<p><strong>ENTRE TORMENTAS.<\/strong> El titular de Defensa de Venezuela, Vladimir Padrino, tach\u00f3 este lunes de \u00abfalsa\u00bb la denuncia hecha por Guyana el domingo sobre un ataque desde el lado venezolano a un equipo que transportaba material electoral para los comicios generales que celebra el pueblo guyan\u00e9s.<\/p>\n\n\n\n<p>El ministro respondi\u00f3 as\u00ed a un comunicado de la Polic\u00eda de Guyana en el que esta alert\u00f3 de disparos efectuados desde Venezuela contra una patrulla en el r\u00edo Cuyuni, en la regi\u00f3n en disputa del Esequibo, conformada por efectivos de seguridad que escoltaban a nueve funcionarios electorales que distribu\u00edan papeletas a centros de votaci\u00f3n ubicados en zonas remotas.<\/p>\n\n\n\n<p>La patrulla respondi\u00f3 de inmediato y logr\u00f3 poner a salvo al equipo electoral, sin que se registraran heridos ni da\u00f1os en las papeletas y urnas, seg\u00fan el texto.<\/p>\n\n\n\n<p>Al respecto, Padrino expres\u00f3 que \u00abno es m\u00e1s que un fake (falso)\u00bb y acus\u00f3 a las que llam\u00f3 \u00ablas mafias guyanesas\u00bb de pretender \u00abcrear un frente de guerra\u00bb, seg\u00fan declaraciones transmitidas por el canal estatal Venezolana de Televisi\u00f3n (VTV).<\/p>\n\n\n\n<p>El funcionario afirm\u00f3 que Venezuela, que reclama a Guyana casi 160.000 kil\u00f3metros cuadrados del Esequibo, nunca hab\u00eda tenido \u00abtanta presencia militar en esa l\u00ednea de facto\u00bb que, dijo, conecta con el territorio \u00abusurpado y explotado groseramente\u00bb por Georgetown.<\/p>\n\n\n\n<p>En ese sentido, reiter\u00f3 que Guyana est\u00e1 \u00abdesconociendo\u00bb el Acuerdo de Ginebra de 1966, que determin\u00f3 crear una comisi\u00f3n para resolver la hist\u00f3rica controversia, lo que no se lleg\u00f3 a materializar.<br><strong><em>ET \/ EFE<\/em><\/strong><\/p>\n","protected":false},"excerpt":{"rendered":"<p>ENTRE TORMENTAS. El titular de Defensa de Venezuela, Vladimir Padrino, tach\u00f3 este lunes de \u00abfalsa\u00bb&#8230;<\/p>\n","protected":false},"author":2,"featured_media":21318,"comment_status":"closed","ping_status":"open","sticky":false,"template":"","format":"standard","meta":{"footnotes":""},"categories":[56,49],"tags":[],"class_list":["post-21317","post","type-post","status-publish","format-standard","has-post-thumbnail","hentry","category-destacadas","category-nacionales"],"_links":{"self":[{"href":"https:\/\/entretormentas.com\/index.php?rest_route=\/wp\/v2\/posts\/21317","targetHints":{"allow":["GET"]}}],"collection":[{"href":"https:\/\/entretormentas.com\/index.php?rest_route=\/wp\/v2\/posts"}],"about":[{"href":"https:\/\/entretormentas.com\/index.php?rest_route=\/wp\/v2\/types\/post"}],"author":[{"embeddable":true,"href":"https:\/\/entretormentas.com\/index.php?rest_route=\/wp\/v2\/users\/2"}],"replies":[{"embeddable":true,"href":"https:\/\/entretormentas.com\/index.php?rest_route=%2Fwp%2Fv2%2Fcomments&post=21317"}],"version-history":[{"count":1,"href":"https:\/\/entretormentas.com\/index.php?rest_route=\/wp\/v2\/posts\/21317\/revisions"}],"predecessor-version":[{"id":21319,"href":"https:\/\/entretormentas.com\/index.php?rest_route=\/wp\/v2\/posts\/21317\/revisions\/21319"}],"wp:featuredmedia":[{"embeddable":true,"href":"https:\/\/entretormentas.com\/index.php?rest_route=\/wp\/v2\/media\/21318"}],"wp:attachment":[{"href":"https:\/\/entretormentas.com\/index.php?rest_route=%2Fwp%2Fv2%2Fmedia&parent=21317"}],"wp:term":[{"taxonomy":"category","embeddable":true,"href":"https:\/\/entretormentas.com\/index.php?rest_route=%2Fwp%2Fv2%2Fcategories&post=21317"},{"taxonomy":"post_tag","embeddable":true,"href":"https:\/\/entretormentas.com\/index.php?rest_route=%2Fwp%2Fv2%2Ftags&post=21317"}],"curies":[{"name":"wp","href":"https:\/\/api.w.org\/{rel}","templated":true}]}}