{"id":21326,"date":"2025-09-02T10:43:43","date_gmt":"2025-09-02T08:43:43","guid":{"rendered":"https:\/\/entretormentas.com\/?p=21326"},"modified":"2025-09-02T10:43:44","modified_gmt":"2025-09-02T08:43:44","slug":"ratifica-a-la-region-como-zona-de-paz-celac-rechaza-intervencion-militar-de-eeuu-en-el-caribe","status":"publish","type":"post","link":"https:\/\/entretormentas.com\/ratifica-a-la-region-como-zona-de-paz-celac-rechaza-intervencion-militar-de-eeuu-en-el-caribe\/","title":{"rendered":"\u00a1RATIFICA A LA REGI\u00d3N COMO ZONA DE PAZ! CELAC rechaza intervenci\u00f3n militar de EEUU en el Caribe"},"content":{"rendered":"\n<p><strong>ENTRE TORMENTAS. <\/strong>La ministra de Relaciones Exteriores de Colombia, Rosa Yolanda Villavicencio, subray\u00f3 este lunes que la defensa de la regi\u00f3n como zona de paz no significa ignorar las diferencias internas ni restar importancia a la amenaza del crimen organizado transnacional, sino enfrentarlo mediante el fortalecimiento institucional, la cooperaci\u00f3n judicial y policial, y la confianza mutua.<\/p>\n\n\n\n<p>Durante su intervenci\u00f3n en la reuni\u00f3n extraordinaria de cancilleres del mecanismo intergubernamental para la integraci\u00f3n y el desarrollo regionales, Villavicencio advirti\u00f3: \u201cNo con amenazas militares que inevitablemente generan consecuencias negativas para la seguridad humana, el comercio, el turismo y las econom\u00edas de todos nuestros pa\u00edses\u201d.<\/p>\n\n\n\n<p>Villavicencio afirm\u00f3 que \u201cla CELAC naci\u00f3 para tener voz propia\u201d y hoy esa voz debe pronunciarse con firmeza. \u201cRechazamos la l\u00f3gica de intervenci\u00f3n, reafirmamos la carta de las Naciones Unidas, exigimos que toda preocupaci\u00f3n leg\u00edtima se canalice por v\u00eda diplom\u00e1tica y multilaterales, y ofrecemos nuestras plataformas para facilitar soluciones latinoamericanas y caribe\u00f1as a los retos de nuestra casa com\u00fan\u201d, asegur\u00f3 Villavicencio.<\/p>\n\n\n\n<p>En ese contexto, expres\u00f3 que Colombia present\u00f3 un proyecto de comunicado que recoge estos elementos y ordena a las coordinaciones nacionales mantener un di\u00e1logo permanente sobre los asuntos de inter\u00e9s regional.<\/p>\n\n\n\n<p><strong>Reuni\u00f3n extraordinaria<\/strong><br>La reuni\u00f3n extraordinaria de Cancilleres fue convocada por el Gobierno colombiano, como presidente pro tempore de la CELAC, para evaluar la situaci\u00f3n regional tras el despliegue de buques de guerra estadounidenses en el Caribe, frente a las costas de Venezuela.<\/p>\n\n\n\n<p>El encuentro busca intercambiar opiniones y reflexiones de manera abierta y constructiva, en torno a las inquietudes surgidas por los recientes movimientos militares de Estados Unidos en el Caribe y su posible impacto en la paz, la estabilidad y la seguridad de la regi\u00f3n.<br><strong><em>ET \/ Telesur<\/em><\/strong><\/p>\n","protected":false},"excerpt":{"rendered":"<p>ENTRE TORMENTAS. La ministra de Relaciones Exteriores de Colombia, Rosa Yolanda Villavicencio, subray\u00f3 este lunes&#8230;<\/p>\n","protected":false},"author":2,"featured_media":21327,"comment_status":"closed","ping_status":"open","sticky":false,"template":"","format":"standard","meta":{"footnotes":""},"categories":[56,48],"tags":[],"class_list":["post-21326","post","type-post","status-publish","format-standard","has-post-thumbnail","hentry","category-destacadas","category-internacionales"],"_links":{"self":[{"href":"https:\/\/entretormentas.com\/index.php?rest_route=\/wp\/v2\/posts\/21326","targetHints":{"allow":["GET"]}}],"collection":[{"href":"https:\/\/entretormentas.com\/index.php?rest_route=\/wp\/v2\/posts"}],"about":[{"href":"https:\/\/entretormentas.com\/index.php?rest_route=\/wp\/v2\/types\/post"}],"author":[{"embeddable":true,"href":"https:\/\/entretormentas.com\/index.php?rest_route=\/wp\/v2\/users\/2"}],"replies":[{"embeddable":true,"href":"https:\/\/entretormentas.com\/index.php?rest_route=%2Fwp%2Fv2%2Fcomments&post=21326"}],"version-history":[{"count":1,"href":"https:\/\/entretormentas.com\/index.php?rest_route=\/wp\/v2\/posts\/21326\/revisions"}],"predecessor-version":[{"id":21328,"href":"https:\/\/entretormentas.com\/index.php?rest_route=\/wp\/v2\/posts\/21326\/revisions\/21328"}],"wp:featuredmedia":[{"embeddable":true,"href":"https:\/\/entretormentas.com\/index.php?rest_route=\/wp\/v2\/media\/21327"}],"wp:attachment":[{"href":"https:\/\/entretormentas.com\/index.php?rest_route=%2Fwp%2Fv2%2Fmedia&parent=21326"}],"wp:term":[{"taxonomy":"category","embeddable":true,"href":"https:\/\/entretormentas.com\/index.php?rest_route=%2Fwp%2Fv2%2Fcategories&post=21326"},{"taxonomy":"post_tag","embeddable":true,"href":"https:\/\/entretormentas.com\/index.php?rest_route=%2Fwp%2Fv2%2Ftags&post=21326"}],"curies":[{"name":"wp","href":"https:\/\/api.w.org\/{rel}","templated":true}]}}