{"id":21337,"date":"2025-09-03T00:42:37","date_gmt":"2025-09-02T22:42:37","guid":{"rendered":"https:\/\/entretormentas.com\/?p=21337"},"modified":"2025-09-03T00:42:38","modified_gmt":"2025-09-02T22:42:38","slug":"arnoldo-olivares-en-la-alcaldia-de-maracaibo-se-afianza-compromiso-de-servicio","status":"publish","type":"post","link":"https:\/\/entretormentas.com\/arnoldo-olivares-en-la-alcaldia-de-maracaibo-se-afianza-compromiso-de-servicio\/","title":{"rendered":"ARNOLDO OLIVARES: \u00abEn la Alcald\u00eda de Maracaibo se afianza compromiso de servicio\u00bb"},"content":{"rendered":"\n<p><strong>ENTRE TORMENTAS.<\/strong> \u00abEl compromiso de servicio con el pueblo se afianza en la gesti\u00f3n del alcalde bolivariano Giancarlo Di Martino, junto a un equipo que trabaja por el bienestar que merecen los marabinos\u00bb; as\u00ed lo expres\u00f3 Arnoldo Olivares, director general de la Alcald\u00eda de Maracaibo. Con esta salutaci\u00f3n Olivares entreg\u00f3 las resoluciones al personal que asume en esta etapa responsabilidades en diferentes \u00e1reas en el ayuntamiento de la capital zuliana.<\/p>\n\n\n\n<p>Entre las asignaciones est\u00e1n: Luz Gonz\u00e1lez Brujes, gerente del Mercado Las Playitas; Olinto Montiel, gerente del Mercado de Corito; Kelly Ruiz, gerente del Mercado Santa Rosal\u00eda, Giovanny Valero, gerente del Mercado en La Curva de Molina; Ricardo Sandoval Cueto, gerente del Mercado Panamericano y Llamary Molero Herrera, gerente del Mercado Altos de Jalisco.<\/p>\n\n\n\n<figure class=\"wp-block-image size-large\"><img fetchpriority=\"high\" decoding=\"async\" width=\"1024\" height=\"683\" src=\"https:\/\/entretormentas.com\/wp-content\/uploads\/2025\/09\/olivares2-1024x683.jpeg\" alt=\"\" class=\"wp-image-21338\" srcset=\"https:\/\/entretormentas.com\/wp-content\/uploads\/2025\/09\/olivares2-1024x683.jpeg 1024w, https:\/\/entretormentas.com\/wp-content\/uploads\/2025\/09\/olivares2-300x200.jpeg 300w, https:\/\/entretormentas.com\/wp-content\/uploads\/2025\/09\/olivares2-768x512.jpeg 768w, https:\/\/entretormentas.com\/wp-content\/uploads\/2025\/09\/olivares2.jpeg 1280w\" sizes=\"(max-width: 1024px) 100vw, 1024px\" \/><\/figure>\n\n\n\n<p>Inform\u00f3 Olivares que en el Servicio Desconcentrado de Cementerios Municipales (SEDECEMA) estar\u00e1 \u00c1ngel Nuvaez, como adjunto al director.<\/p>\n\n\n\n<p>Indic\u00f3 Olivares que en el cargo de registradores se integran: Meglis Pirela Ant\u00fanez, en el Hospital Cuatricentenario Dr. Eduardo Soto Pe\u00f1a; Nuris Urdaneta Madue\u00f1o, en el Hospital Dr. Ra\u00fal Leoni; Diana Morales, en la Maternidad Dr. Armando Castillo Plaza; Yumary C\u00e1rdenas \u00c1vila, Hospital Central Dr. Urquinaona; Leidymis Moreno Romero, en el Hospital Militar de Maracaibo \u201cDr. Francisco Valbuena\u201d; Eberth Galicia, Hospital Adolfo Pons; Nelly Duarte en el Hospital Chiquinquir\u00e1 y Nubia Belloso en la Cl\u00ednica Para\u00edso.<\/p>\n\n\n\n<p>Agreg\u00f3 el director general que a la Alcald\u00eda se incorpora tambi\u00e9n Carla Polanco como Registradora de la Parroquia San Isidro.<\/p>\n\n\n\n<p>Para concluir precis\u00f3 que este equipo es parte de la gente que resuelve, cumpliendo con la directriz del presidente Nicol\u00e1s Maduro \u00abm\u00e1s territorio, menos escritorio\u00bb, dando respuesta sin excusas.<br><strong><em>ET \/ Nota de Prensa<\/em><\/strong><\/p>\n","protected":false},"excerpt":{"rendered":"<p>ENTRE TORMENTAS. \u00abEl compromiso de servicio con el pueblo se afianza en la gesti\u00f3n del&#8230;<\/p>\n","protected":false},"author":2,"featured_media":21339,"comment_status":"closed","ping_status":"open","sticky":false,"template":"","format":"standard","meta":{"footnotes":""},"categories":[57,1],"tags":[],"class_list":["post-21337","post","type-post","status-publish","format-standard","has-post-thumbnail","hentry","category-actualidad","category-regionales"],"_links":{"self":[{"href":"https:\/\/entretormentas.com\/index.php?rest_route=\/wp\/v2\/posts\/21337","targetHints":{"allow":["GET"]}}],"collection":[{"href":"https:\/\/entretormentas.com\/index.php?rest_route=\/wp\/v2\/posts"}],"about":[{"href":"https:\/\/entretormentas.com\/index.php?rest_route=\/wp\/v2\/types\/post"}],"author":[{"embeddable":true,"href":"https:\/\/entretormentas.com\/index.php?rest_route=\/wp\/v2\/users\/2"}],"replies":[{"embeddable":true,"href":"https:\/\/entretormentas.com\/index.php?rest_route=%2Fwp%2Fv2%2Fcomments&post=21337"}],"version-history":[{"count":1,"href":"https:\/\/entretormentas.com\/index.php?rest_route=\/wp\/v2\/posts\/21337\/revisions"}],"predecessor-version":[{"id":21340,"href":"https:\/\/entretormentas.com\/index.php?rest_route=\/wp\/v2\/posts\/21337\/revisions\/21340"}],"wp:featuredmedia":[{"embeddable":true,"href":"https:\/\/entretormentas.com\/index.php?rest_route=\/wp\/v2\/media\/21339"}],"wp:attachment":[{"href":"https:\/\/entretormentas.com\/index.php?rest_route=%2Fwp%2Fv2%2Fmedia&parent=21337"}],"wp:term":[{"taxonomy":"category","embeddable":true,"href":"https:\/\/entretormentas.com\/index.php?rest_route=%2Fwp%2Fv2%2Fcategories&post=21337"},{"taxonomy":"post_tag","embeddable":true,"href":"https:\/\/entretormentas.com\/index.php?rest_route=%2Fwp%2Fv2%2Ftags&post=21337"}],"curies":[{"name":"wp","href":"https:\/\/api.w.org\/{rel}","templated":true}]}}