{"id":21346,"date":"2025-09-03T00:59:05","date_gmt":"2025-09-02T22:59:05","guid":{"rendered":"https:\/\/entretormentas.com\/?p=21346"},"modified":"2025-09-03T00:59:07","modified_gmt":"2025-09-02T22:59:07","slug":"por-mejoras-en-la-economia-fedecamaras-apuesta-por-fortalecer-la-institucionalidad-privada","status":"publish","type":"post","link":"https:\/\/entretormentas.com\/por-mejoras-en-la-economia-fedecamaras-apuesta-por-fortalecer-la-institucionalidad-privada\/","title":{"rendered":"\u00a1POR MEJORAS EN LA ECONOM\u00cdA! Fedec\u00e1maras apuesta por fortalecer la institucionalidad privada"},"content":{"rendered":"\n<p><strong>ENTRE TORMENTAS. <\/strong>Para el presidente de Fedec\u00e1maras, Felipe Capozzolo, fortalecer la institucionalidad privada contribuye al sistema de contrapesos que debe tener la sociedad venezolana. Por lo tanto, redunda en mejores oportunidades para el desarrollo y en el incremento de la representatividad de todos los actores sociales. Para cumplir con su papel, las instituciones privadas deben preservar la autonom\u00eda de sus planteamientos.<\/p>\n\n\n\n<p>\u201cActualmente, las sociedades que est\u00e1n avanzando son las que abonan y construyen institucionalidad. Se suele pensar solo en la institucionalidad p\u00fablica. No obstante, la institucionalidad privada tiene un rol que jugar en todo el sistema de contrapesos que debe existir en una sociedad que quiera funcionar. Por lo tanto, su legitimidad estriba en la independencia y en la autonom\u00eda de los planteamientos que puedan formular\u00bb, coment\u00f3 el dirigente gremial.<\/p>\n\n\n\n<figure class=\"wp-block-image size-large\"><img fetchpriority=\"high\" decoding=\"async\" width=\"1024\" height=\"576\" src=\"https:\/\/entretormentas.com\/wp-content\/uploads\/2025\/09\/fedeca2-1024x576.jpg\" alt=\"\" class=\"wp-image-21347\" srcset=\"https:\/\/entretormentas.com\/wp-content\/uploads\/2025\/09\/fedeca2-1024x576.jpg 1024w, https:\/\/entretormentas.com\/wp-content\/uploads\/2025\/09\/fedeca2-300x169.jpg 300w, https:\/\/entretormentas.com\/wp-content\/uploads\/2025\/09\/fedeca2-768x432.jpg 768w, https:\/\/entretormentas.com\/wp-content\/uploads\/2025\/09\/fedeca2.jpg 1242w\" sizes=\"(max-width: 1024px) 100vw, 1024px\" \/><\/figure>\n\n\n\n<p><strong>POTENCIALIDAD DE LAS REGIONES<\/strong><br>Durante la entrevista que el presidente de Fedec\u00e1maras tuvo con Richard Fortunato en el programa \u201cInforme Fedec\u00e1maras\u201d, reiter\u00f3 la existencia de enormes potencialidades de inversi\u00f3n en las regiones de Venezuela, a pesar de la situaci\u00f3n en la que se encuentran los servicios p\u00fablicos, la conectividad, la infraestructura; entre otros.<\/p>\n\n\n\n<p>\u00abCuando una empresa explora la posibilidad de un negocio en el interior de Venezuela, no debe guiarse solamente por las carencias en vialidad o en servicios p\u00fablicos. Cualquier empresa que haga un an\u00e1lisis atendiendo \u00fanicamente a esas variables va a concluir que tal vez no sea rentable. Pero nada m\u00e1s alejado de la realidad. Los empresarios que sean capaces de ver m\u00e1s all\u00e1, ver\u00e1n los talentos que hay y las potencialidades y necesidades que deben ser cubiertas\u00bb, expres\u00f3.<\/p>\n\n\n\n<p><strong>EVENTO PARA EMPRENDEDORES<\/strong><br>Capozzolo aprovech\u00f3 para anunciar que el pr\u00f3ximo 25 de septiembre la instituci\u00f3n estar\u00e1 realizando un evento en conjunto con la Asociaci\u00f3n de trabajadores, emprendedores y microempresarios (ATRAEM), donde se hablar\u00e1 sobre pol\u00edticas p\u00fablicas para el emprendimiento, en conjunto con autoridades municipales y especialistas en diversas \u00e1reas. El encuentro tendr\u00e1 lugar en la sede de Fedec\u00e1maras en Caracas.<\/p>\n\n\n\n<p>\u201cVamos a tener el d\u00eda 25 de septiembre un evento en coproducci\u00f3n con Atraem. Es la segunda edici\u00f3n del foro de Atraem y all\u00ed vamos a tener a las autoridades municipales y especialistas en diversas materias. La idea es dar herramientas a todos los que asistan a este gran foro\u201d, se\u00f1al\u00f3 en entrevista para Fedec\u00e1maras radio.<br><strong><em>ET \/ Agencias<\/em><\/strong><\/p>\n","protected":false},"excerpt":{"rendered":"<p>ENTRE TORMENTAS. Para el presidente de Fedec\u00e1maras, Felipe Capozzolo, fortalecer la institucionalidad privada contribuye al&#8230;<\/p>\n","protected":false},"author":2,"featured_media":21348,"comment_status":"closed","ping_status":"open","sticky":false,"template":"","format":"standard","meta":{"footnotes":""},"categories":[56,49],"tags":[],"class_list":["post-21346","post","type-post","status-publish","format-standard","has-post-thumbnail","hentry","category-destacadas","category-nacionales"],"_links":{"self":[{"href":"https:\/\/entretormentas.com\/index.php?rest_route=\/wp\/v2\/posts\/21346","targetHints":{"allow":["GET"]}}],"collection":[{"href":"https:\/\/entretormentas.com\/index.php?rest_route=\/wp\/v2\/posts"}],"about":[{"href":"https:\/\/entretormentas.com\/index.php?rest_route=\/wp\/v2\/types\/post"}],"author":[{"embeddable":true,"href":"https:\/\/entretormentas.com\/index.php?rest_route=\/wp\/v2\/users\/2"}],"replies":[{"embeddable":true,"href":"https:\/\/entretormentas.com\/index.php?rest_route=%2Fwp%2Fv2%2Fcomments&post=21346"}],"version-history":[{"count":1,"href":"https:\/\/entretormentas.com\/index.php?rest_route=\/wp\/v2\/posts\/21346\/revisions"}],"predecessor-version":[{"id":21349,"href":"https:\/\/entretormentas.com\/index.php?rest_route=\/wp\/v2\/posts\/21346\/revisions\/21349"}],"wp:featuredmedia":[{"embeddable":true,"href":"https:\/\/entretormentas.com\/index.php?rest_route=\/wp\/v2\/media\/21348"}],"wp:attachment":[{"href":"https:\/\/entretormentas.com\/index.php?rest_route=%2Fwp%2Fv2%2Fmedia&parent=21346"}],"wp:term":[{"taxonomy":"category","embeddable":true,"href":"https:\/\/entretormentas.com\/index.php?rest_route=%2Fwp%2Fv2%2Fcategories&post=21346"},{"taxonomy":"post_tag","embeddable":true,"href":"https:\/\/entretormentas.com\/index.php?rest_route=%2Fwp%2Fv2%2Ftags&post=21346"}],"curies":[{"name":"wp","href":"https:\/\/api.w.org\/{rel}","templated":true}]}}