{"id":21350,"date":"2025-09-03T02:23:06","date_gmt":"2025-09-03T00:23:06","guid":{"rendered":"https:\/\/entretormentas.com\/?p=21350"},"modified":"2025-09-03T02:23:07","modified_gmt":"2025-09-03T00:23:07","slug":"atencion-garantizada-gobernador-caldera-anuncia-arranque-de-la-red-oncologica-del-zulia","status":"publish","type":"post","link":"https:\/\/entretormentas.com\/atencion-garantizada-gobernador-caldera-anuncia-arranque-de-la-red-oncologica-del-zulia\/","title":{"rendered":"\u00a1ATENCI\u00d3N GARANTIZADA! Gobernador Caldera anuncia arranque de la Red Oncol\u00f3gica del Zulia"},"content":{"rendered":"\n<p><strong>ENTRE TORMENTAS.<\/strong> Desde el Oncol\u00f3gico Dr. Humberto Fern\u00e1ndez Mor\u00e1n, el Gobernador Luis Caldera, anunci\u00f3 este martes 2 de septiembre el arranque de la Red Oncol\u00f3gica del Zulia Yolimar Morales, que permitir\u00e1 ofrecer la atenci\u00f3n necesaria a los pacientes de esta patolog\u00eda y cuyo tratamiento es sumamente costoso tanto por los estudios, tratamientos y medicinas.<\/p>\n\n\n\n<p>La red es una coordinaci\u00f3n entre el Oncol\u00f3gico Dr. Humberto Fern\u00e1ndez Mor\u00e1n, el Centro de Radioterapia y Medicina Nuclear Dr. Jorge Garc\u00eda Tamayo, la Farmacia de Alto Costo, el Oncol\u00f3gico G\u00e9nesis Petit, el Instituto Nacional de los Seguros Sociales, el Hospital Universitario de Maracaibo y el Hospital de Especialidades Pedi\u00e1tricas.<\/p>\n\n\n\n<figure class=\"wp-block-image size-large\"><img fetchpriority=\"high\" decoding=\"async\" width=\"1024\" height=\"683\" src=\"https:\/\/entretormentas.com\/wp-content\/uploads\/2025\/09\/lconcologico2-1024x683.jpeg\" alt=\"\" class=\"wp-image-21351\" srcset=\"https:\/\/entretormentas.com\/wp-content\/uploads\/2025\/09\/lconcologico2-1024x683.jpeg 1024w, https:\/\/entretormentas.com\/wp-content\/uploads\/2025\/09\/lconcologico2-300x200.jpeg 300w, https:\/\/entretormentas.com\/wp-content\/uploads\/2025\/09\/lconcologico2-768x512.jpeg 768w, https:\/\/entretormentas.com\/wp-content\/uploads\/2025\/09\/lconcologico2.jpeg 1280w\" sizes=\"(max-width: 1024px) 100vw, 1024px\" \/><\/figure>\n\n\n\n<p>La misma estar\u00e1 bajo los lineamientos del presidente Nicol\u00e1s Maduro, a trav\u00e9s de la ministra del Poder Popular para la Salud, Magaly Guti\u00e9rrez y la Gobernaci\u00f3n del Zulia, liderada por el mandatario regional, quien manifest\u00f3 que esta red tambi\u00e9n tiene las puertas abiertas a las organizaciones del sector privado y fundaciones que atienden a estos pacientes que libran una batalla por la salud y la vida.<\/p>\n\n\n\n<p>El gobernador estuvo acompa\u00f1ado de la presidenta de Fundasalud, Luz Caldera; la subsecretaria de Desarrollo Social, Karina Guerra: la vocera de la Comuna El Despertar de los Revolucionarios, Elizabeth Brice\u00f1o y de la directora del Oncol\u00f3gico Dr. Humberto Fern\u00e1ndez Mor\u00e1n, Lina Aguilera.<\/p>\n\n\n\n<p>En el marco de esta red de atenci\u00f3n, el mandatario regional, dio a conocer el inicio de la rehabilitaci\u00f3n de un acelerador lineal 6090, con una inversi\u00f3n que supera los 335 mil d\u00f3lares, gracias al apoyo del presidente Maduro, Bandes y el gobierno regional, para garantizar la aplicaci\u00f3n de radioterapia a m\u00e1s de mil 23 pacientes oncol\u00f3gicos de la regi\u00f3n e, inclusive, de provenientes del occidente del pa\u00eds.<\/p>\n\n\n\n<p>Tambi\u00e9n se suma el comienzo de la entrega de cinco mil medicinas para pacientes con c\u00e1ncer registrados en el estado y cuatro tipos de medicamentos de alt\u00edsimo costo a 451. Se adiciona la rehabilitaci\u00f3n de la Farmacia de Alto Costo, para espacios \u00f3ptimos para quienes acuden all\u00ed a buscar sus tratamientos.<\/p>\n\n\n\n<p>\u201cEsto es garant\u00eda constitucional del derecho a la atenci\u00f3n digna, a la atenci\u00f3n a la salud y que hoy en el estado Zulia se est\u00e1 haciendo realidad con la creaci\u00f3n de esta Red de Atenci\u00f3n Oncol\u00f3gica Yolimar Morales, que es un compromiso que hicimos en la campa\u00f1a electoral. Yolimar es una mujer que batall\u00f3 contra el c\u00e1ncer, que viene de las bases en Lagunillas y que nos queda ese legado\u201d, refiri\u00f3.<\/p>\n\n\n\n<figure class=\"wp-block-image size-large\"><img decoding=\"async\" width=\"1024\" height=\"683\" src=\"https:\/\/entretormentas.com\/wp-content\/uploads\/2025\/09\/lconcologico3-1024x683.jpeg\" alt=\"\" class=\"wp-image-21352\" srcset=\"https:\/\/entretormentas.com\/wp-content\/uploads\/2025\/09\/lconcologico3-1024x683.jpeg 1024w, https:\/\/entretormentas.com\/wp-content\/uploads\/2025\/09\/lconcologico3-300x200.jpeg 300w, https:\/\/entretormentas.com\/wp-content\/uploads\/2025\/09\/lconcologico3-768x512.jpeg 768w, https:\/\/entretormentas.com\/wp-content\/uploads\/2025\/09\/lconcologico3.jpeg 1280w\" sizes=\"(max-width: 1024px) 100vw, 1024px\" \/><\/figure>\n\n\n\n<p>El gobernador Caldera inform\u00f3 adem\u00e1s que el Consejo Legislativo del estado Zulia (Clez), tendr\u00e1 esta semana la discusi\u00f3n del Proyecto de Ley para la Atenci\u00f3n de los Pacientes Oncol\u00f3gicos del Zulia, donde se crea un fondo de atenci\u00f3n, que va a estar en el presupuesto regional del a\u00f1o 2026.<\/p>\n\n\n\n<p>Entre 32 pacientes que este martes 2 de septiembre recibieron tratamiento estaban Yuli\u00e1n Franco y Mar\u00eda Estela Godoy, quienes expresaron su agradecimiento al Gobierno Bolivariano por la creaci\u00f3n de esta red, que les suma esperanzas en la recuperaci\u00f3n de su salud.<\/p>\n\n\n\n<p>\u201cDefinitivamente la gesti\u00f3n del gobernador Luis Caldera es humanitaria, porque est\u00e1 atendiendo la salud y, sobre toda la parte oncol\u00f3gica\u201d; destac\u00f3 Franco; mientras que Godoy dijo ser procedente de Punto Fijo, donde en el privado su tratamiento ascend\u00eda a los tres mil d\u00f3lares, recursos que le mermaba sus ilusiones para poder superar el c\u00e1ncer.<br><strong><em>ET \/ Nota de Prensa<\/em><\/strong><\/p>\n\n\n\n<p><\/p>\n","protected":false},"excerpt":{"rendered":"<p>ENTRE TORMENTAS. Desde el Oncol\u00f3gico Dr. Humberto Fern\u00e1ndez Mor\u00e1n, el Gobernador Luis Caldera, anunci\u00f3 este&#8230;<\/p>\n","protected":false},"author":2,"featured_media":21353,"comment_status":"closed","ping_status":"open","sticky":false,"template":"","format":"standard","meta":{"footnotes":""},"categories":[57,1],"tags":[],"class_list":["post-21350","post","type-post","status-publish","format-standard","has-post-thumbnail","hentry","category-actualidad","category-regionales"],"_links":{"self":[{"href":"https:\/\/entretormentas.com\/index.php?rest_route=\/wp\/v2\/posts\/21350","targetHints":{"allow":["GET"]}}],"collection":[{"href":"https:\/\/entretormentas.com\/index.php?rest_route=\/wp\/v2\/posts"}],"about":[{"href":"https:\/\/entretormentas.com\/index.php?rest_route=\/wp\/v2\/types\/post"}],"author":[{"embeddable":true,"href":"https:\/\/entretormentas.com\/index.php?rest_route=\/wp\/v2\/users\/2"}],"replies":[{"embeddable":true,"href":"https:\/\/entretormentas.com\/index.php?rest_route=%2Fwp%2Fv2%2Fcomments&post=21350"}],"version-history":[{"count":1,"href":"https:\/\/entretormentas.com\/index.php?rest_route=\/wp\/v2\/posts\/21350\/revisions"}],"predecessor-version":[{"id":21354,"href":"https:\/\/entretormentas.com\/index.php?rest_route=\/wp\/v2\/posts\/21350\/revisions\/21354"}],"wp:featuredmedia":[{"embeddable":true,"href":"https:\/\/entretormentas.com\/index.php?rest_route=\/wp\/v2\/media\/21353"}],"wp:attachment":[{"href":"https:\/\/entretormentas.com\/index.php?rest_route=%2Fwp%2Fv2%2Fmedia&parent=21350"}],"wp:term":[{"taxonomy":"category","embeddable":true,"href":"https:\/\/entretormentas.com\/index.php?rest_route=%2Fwp%2Fv2%2Fcategories&post=21350"},{"taxonomy":"post_tag","embeddable":true,"href":"https:\/\/entretormentas.com\/index.php?rest_route=%2Fwp%2Fv2%2Ftags&post=21350"}],"curies":[{"name":"wp","href":"https:\/\/api.w.org\/{rel}","templated":true}]}}