{"id":21355,"date":"2025-09-03T02:30:53","date_gmt":"2025-09-03T00:30:53","guid":{"rendered":"https:\/\/entretormentas.com\/?p=21355"},"modified":"2025-09-03T02:30:54","modified_gmt":"2025-09-03T00:30:54","slug":"crisis-magisterial-gremio-docente-reporta-caidas-en-matriculas-migracion-de-maestros-y-falta-de-relevo-generacional","status":"publish","type":"post","link":"https:\/\/entretormentas.com\/crisis-magisterial-gremio-docente-reporta-caidas-en-matriculas-migracion-de-maestros-y-falta-de-relevo-generacional\/","title":{"rendered":"\u00a1CRISIS MAGISTERIAL! Gremio docente reporta ca\u00eddas en matr\u00edculas, migraci\u00f3n de maestros y falta de relevo generacional"},"content":{"rendered":"\n<p><strong>ENTRE TORMENTAS.<\/strong> La UNESCO alert\u00f3 sobre una escasez mundial de profesores para 2030, en Venezuela el gremio reporta ca\u00eddas en matr\u00edculas, migraci\u00f3n de docentes y falta de relevo generacional.<\/p>\n\n\n\n<p>Celsa Afonso, directora encargada de la Escuela de Educaci\u00f3n de la UCAB, revel\u00f3 que desde 2008 la matr\u00edcula en esa instituci\u00f3n se redujo un 76 %, y los graduandos, un 88 %. \u00abActualmente tenemos 105 estudiantes; cuando yo estudi\u00e9, eran 1.500\u2033, dijo en entrevista con Rom\u00e1n Lozinski para el Circuito Exitos. Las menciones m\u00e1s afectadas son F\u00edsica.<\/p>\n\n\n\n<p>Matem\u00e1ticas y Ciencias Sociales. Afonso atribuy\u00f3 el problema a los bajos salarios y la falta de incentivos: \u00abLos j\u00f3venes no ven atractiva la carrera docente\u00bb.<\/p>\n\n\n\n<figure class=\"wp-block-image size-full\"><img fetchpriority=\"high\" decoding=\"async\" width=\"1024\" height=\"768\" src=\"https:\/\/entretormentas.com\/wp-content\/uploads\/2025\/09\/magisteriounido1.jpeg\" alt=\"\" class=\"wp-image-21356\" srcset=\"https:\/\/entretormentas.com\/wp-content\/uploads\/2025\/09\/magisteriounido1.jpeg 1024w, https:\/\/entretormentas.com\/wp-content\/uploads\/2025\/09\/magisteriounido1-300x225.jpeg 300w, https:\/\/entretormentas.com\/wp-content\/uploads\/2025\/09\/magisteriounido1-768x576.jpeg 768w\" sizes=\"(max-width: 1024px) 100vw, 1024px\" \/><\/figure>\n\n\n\n<p>En contraste, Julio Salas, director de la Escuela de Educaci\u00f3n de la UNIMET, report\u00f3 un aumento de matr\u00edculas, de menos de 200 a 240 estudiantes en un a\u00f1o, con 50 en lista de espera. Explic\u00f3 que su programa \u00fanico de Gerencia Educativa en pregrado atrae m\u00e1s alumnos. Sin embargo, alert\u00f3 sobre la fuga de investigadores: \u00abSon valorados afuera, pero los necesitamos aqu\u00ed para fortalecer el sistema\u00bb.<\/p>\n\n\n\n<p>Mery L\u00f3pez de Cordero, decana de la Facultad de Educaci\u00f3n de la ULA, confirm\u00f3 un \u00abgran d\u00e9ficit\u00bb en todas las menciones excepto Lenguas Modernas y Educaci\u00f3n F\u00edsica. \u00abLas carreras como Educaci\u00f3n Inicial, Ciencias Naturales y Matem\u00e1tica est\u00e1n en crisis\u00bb, se\u00f1al\u00f3.<\/p>\n\n\n\n<p><strong>PERSPECTIVAS<\/strong><br>Los expertos mostraron posturas diferentes sobre el futuro de la educaci\u00f3n en Venezuela:<\/p>\n\n\n\n<p>L\u00f3pez de Cordero: \u00abSi no se toman medidas urgentes, como rescatar el reconocimiento social y material del docente, ser\u00e1 muy dif\u00edcil motivar a las nuevas generaciones. Muchos talentos ya se han ido a otros pa\u00edses\u00bb.<\/p>\n\n\n\n<figure class=\"wp-block-image size-large\"><img decoding=\"async\" width=\"1024\" height=\"683\" src=\"https:\/\/entretormentas.com\/wp-content\/uploads\/2025\/09\/magisteriounido2-1024x683.jpeg\" alt=\"\" class=\"wp-image-21357\" srcset=\"https:\/\/entretormentas.com\/wp-content\/uploads\/2025\/09\/magisteriounido2-1024x683.jpeg 1024w, https:\/\/entretormentas.com\/wp-content\/uploads\/2025\/09\/magisteriounido2-300x200.jpeg 300w, https:\/\/entretormentas.com\/wp-content\/uploads\/2025\/09\/magisteriounido2-768x512.jpeg 768w, https:\/\/entretormentas.com\/wp-content\/uploads\/2025\/09\/magisteriounido2-1536x1024.jpeg 1536w, https:\/\/entretormentas.com\/wp-content\/uploads\/2025\/09\/magisteriounido2.jpeg 1600w\" sizes=\"(max-width: 1024px) 100vw, 1024px\" \/><\/figure>\n\n\n\n<p>Salas mantuvo cierta esperanza, pero reconoci\u00f3 obst\u00e1culos: \u00abTenemos fe, pero el panorama es complejo. La migraci\u00f3n de profesionales y la reducci\u00f3n de investigaci\u00f3n debilitan nuestra capacidad para mejorar el sistema\u00bb.<\/p>\n\n\n\n<p>Afonso coincidi\u00f3 en que el problema es estructural: \u00abSin mejoras salariales no habr\u00e1 recuperaci\u00f3n. Los j\u00f3venes prefieren otras carreras, y los que se forman a veces emigran\u00bb.<br><strong><em>ET \/ Agencias<\/em><\/strong><\/p>\n\n\n\n<p><\/p>\n","protected":false},"excerpt":{"rendered":"<p>ENTRE TORMENTAS. La UNESCO alert\u00f3 sobre una escasez mundial de profesores para 2030, en Venezuela&#8230;<\/p>\n","protected":false},"author":2,"featured_media":21358,"comment_status":"closed","ping_status":"open","sticky":false,"template":"","format":"standard","meta":{"footnotes":""},"categories":[56,49],"tags":[],"class_list":["post-21355","post","type-post","status-publish","format-standard","has-post-thumbnail","hentry","category-destacadas","category-nacionales"],"_links":{"self":[{"href":"https:\/\/entretormentas.com\/index.php?rest_route=\/wp\/v2\/posts\/21355","targetHints":{"allow":["GET"]}}],"collection":[{"href":"https:\/\/entretormentas.com\/index.php?rest_route=\/wp\/v2\/posts"}],"about":[{"href":"https:\/\/entretormentas.com\/index.php?rest_route=\/wp\/v2\/types\/post"}],"author":[{"embeddable":true,"href":"https:\/\/entretormentas.com\/index.php?rest_route=\/wp\/v2\/users\/2"}],"replies":[{"embeddable":true,"href":"https:\/\/entretormentas.com\/index.php?rest_route=%2Fwp%2Fv2%2Fcomments&post=21355"}],"version-history":[{"count":1,"href":"https:\/\/entretormentas.com\/index.php?rest_route=\/wp\/v2\/posts\/21355\/revisions"}],"predecessor-version":[{"id":21359,"href":"https:\/\/entretormentas.com\/index.php?rest_route=\/wp\/v2\/posts\/21355\/revisions\/21359"}],"wp:featuredmedia":[{"embeddable":true,"href":"https:\/\/entretormentas.com\/index.php?rest_route=\/wp\/v2\/media\/21358"}],"wp:attachment":[{"href":"https:\/\/entretormentas.com\/index.php?rest_route=%2Fwp%2Fv2%2Fmedia&parent=21355"}],"wp:term":[{"taxonomy":"category","embeddable":true,"href":"https:\/\/entretormentas.com\/index.php?rest_route=%2Fwp%2Fv2%2Fcategories&post=21355"},{"taxonomy":"post_tag","embeddable":true,"href":"https:\/\/entretormentas.com\/index.php?rest_route=%2Fwp%2Fv2%2Ftags&post=21355"}],"curies":[{"name":"wp","href":"https:\/\/api.w.org\/{rel}","templated":true}]}}