{"id":21360,"date":"2025-09-03T02:36:54","date_gmt":"2025-09-03T00:36:54","guid":{"rendered":"https:\/\/entretormentas.com\/?p=21360"},"modified":"2025-09-03T02:36:55","modified_gmt":"2025-09-03T00:36:55","slug":"eliminatorias-vinotinto-se-concentra-en-buenos-aires-previo-al-choque-ante-argentina","status":"publish","type":"post","link":"https:\/\/entretormentas.com\/eliminatorias-vinotinto-se-concentra-en-buenos-aires-previo-al-choque-ante-argentina\/","title":{"rendered":"\u00a1ELIMINATORIAS! Vinotinto se concentra en Buenos Aires previo al choque ante Argentina"},"content":{"rendered":"\n<p><strong>ENTRE TORMENTAS.<\/strong> Jugadores de la Vinotinto ya se encuentran en la ciudad de Buenos Aires para lo que ser\u00e1 el pen\u00faltimo encuentro de las eliminatorias sudamericanas rumbo al Mundial de 2026.<\/p>\n\n\n\n<p>Desde el pasado domingo algunos de los convocados por el seleccionador Fernando \u2018Bocha\u2019 Batista arribaron a suelos argentinos para un encuentro crucial de cara a afianzarse en el puesto de repechaje que hasta el momento tiene con 18 puntos, siendo una leve ventaja que tiene sobre Bolivia que suma 17 unidades.<\/p>\n\n\n\n<figure class=\"wp-block-image size-large\"><img fetchpriority=\"high\" decoding=\"async\" width=\"1024\" height=\"932\" src=\"https:\/\/entretormentas.com\/wp-content\/uploads\/2025\/09\/concevino2-1024x932.jpeg\" alt=\"\" class=\"wp-image-21361\" srcset=\"https:\/\/entretormentas.com\/wp-content\/uploads\/2025\/09\/concevino2-1024x932.jpeg 1024w, https:\/\/entretormentas.com\/wp-content\/uploads\/2025\/09\/concevino2-300x273.jpeg 300w, https:\/\/entretormentas.com\/wp-content\/uploads\/2025\/09\/concevino2-768x699.jpeg 768w, https:\/\/entretormentas.com\/wp-content\/uploads\/2025\/09\/concevino2.jpeg 1280w\" sizes=\"(max-width: 1024px) 100vw, 1024px\" \/><\/figure>\n\n\n\n<p>Los primeros en llegar a la concentraci\u00f3n fueron John Chancellor, Wuilker Fari\u00f1ez, Alain Baroja, Jorge Yriarte, Wilker \u00c1ngel, Jefferson Savarino, Nahuel Ferraresi, Eduard Bello, Salom\u00f3n Rond\u00f3n, Jon Aramburu y Cristian C\u00e1sseres.<\/p>\n\n\n\n<p>Posteriormente fueron aterrizando Eduard Bello, Cristopher Varela, Carlos Faya, Miguel Navarro, Alexander Gonz\u00e1lez, Kevin Kelsy, Mat\u00edas Lacava, Christian Makoun, Josua Mej\u00edas, Jhon Murillo, Carlos Vivas, Jefferson Solteldo y Tom\u00e1s Rinc\u00f3n.<\/p>\n\n\n\n<figure class=\"wp-block-image size-large\"><img decoding=\"async\" width=\"1024\" height=\"576\" src=\"https:\/\/entretormentas.com\/wp-content\/uploads\/2025\/09\/concevino3-1024x576.jpeg\" alt=\"\" class=\"wp-image-21362\" srcset=\"https:\/\/entretormentas.com\/wp-content\/uploads\/2025\/09\/concevino3-1024x576.jpeg 1024w, https:\/\/entretormentas.com\/wp-content\/uploads\/2025\/09\/concevino3-300x169.jpeg 300w, https:\/\/entretormentas.com\/wp-content\/uploads\/2025\/09\/concevino3-768x432.jpeg 768w, https:\/\/entretormentas.com\/wp-content\/uploads\/2025\/09\/concevino3.jpeg 1140w\" sizes=\"(max-width: 1024px) 100vw, 1024px\" \/><\/figure>\n\n\n\n<p>Venezuela jugar\u00e1 este jueves 4 de septiembre ante la Albiceleste en el Estadio Monumental de Buenos Aires, luego recibir\u00e1 en el cierre a Colombia en el Monumental de Matur\u00edn.<br><strong><em>ET \/ Agencias<\/em><\/strong><\/p>\n\n\n\n<p><\/p>\n","protected":false},"excerpt":{"rendered":"<p>ENTRE TORMENTAS. Jugadores de la Vinotinto ya se encuentran en la ciudad de Buenos Aires&#8230;<\/p>\n","protected":false},"author":2,"featured_media":21363,"comment_status":"closed","ping_status":"open","sticky":false,"template":"","format":"standard","meta":{"footnotes":""},"categories":[53,56],"tags":[],"class_list":["post-21360","post","type-post","status-publish","format-standard","has-post-thumbnail","hentry","category-deportes","category-destacadas"],"_links":{"self":[{"href":"https:\/\/entretormentas.com\/index.php?rest_route=\/wp\/v2\/posts\/21360","targetHints":{"allow":["GET"]}}],"collection":[{"href":"https:\/\/entretormentas.com\/index.php?rest_route=\/wp\/v2\/posts"}],"about":[{"href":"https:\/\/entretormentas.com\/index.php?rest_route=\/wp\/v2\/types\/post"}],"author":[{"embeddable":true,"href":"https:\/\/entretormentas.com\/index.php?rest_route=\/wp\/v2\/users\/2"}],"replies":[{"embeddable":true,"href":"https:\/\/entretormentas.com\/index.php?rest_route=%2Fwp%2Fv2%2Fcomments&post=21360"}],"version-history":[{"count":1,"href":"https:\/\/entretormentas.com\/index.php?rest_route=\/wp\/v2\/posts\/21360\/revisions"}],"predecessor-version":[{"id":21364,"href":"https:\/\/entretormentas.com\/index.php?rest_route=\/wp\/v2\/posts\/21360\/revisions\/21364"}],"wp:featuredmedia":[{"embeddable":true,"href":"https:\/\/entretormentas.com\/index.php?rest_route=\/wp\/v2\/media\/21363"}],"wp:attachment":[{"href":"https:\/\/entretormentas.com\/index.php?rest_route=%2Fwp%2Fv2%2Fmedia&parent=21360"}],"wp:term":[{"taxonomy":"category","embeddable":true,"href":"https:\/\/entretormentas.com\/index.php?rest_route=%2Fwp%2Fv2%2Fcategories&post=21360"},{"taxonomy":"post_tag","embeddable":true,"href":"https:\/\/entretormentas.com\/index.php?rest_route=%2Fwp%2Fv2%2Ftags&post=21360"}],"curies":[{"name":"wp","href":"https:\/\/api.w.org\/{rel}","templated":true}]}}