{"id":21365,"date":"2025-09-03T09:39:45","date_gmt":"2025-09-03T07:39:45","guid":{"rendered":"https:\/\/entretormentas.com\/?p=21365"},"modified":"2025-09-03T09:39:45","modified_gmt":"2025-09-03T07:39:45","slug":"en-san-francisco-alcaldia-despliega-jornada-de-vacunacion-desparasitacion-y-evaluacion-cardiovascular-a-traves-del-plan-luciernaga","status":"publish","type":"post","link":"https:\/\/entretormentas.com\/en-san-francisco-alcaldia-despliega-jornada-de-vacunacion-desparasitacion-y-evaluacion-cardiovascular-a-traves-del-plan-luciernaga\/","title":{"rendered":"\u00a1EN SAN FRANCISCO! Alcald\u00eda despliega jornada de vacunaci\u00f3n, desparasitaci\u00f3n y evaluaci\u00f3n cardiovascular a trav\u00e9s del Plan Luci\u00e9rnaga"},"content":{"rendered":"\n<p><strong>ENTRE TORMENTAS. <\/strong>Este martes inici\u00f3 el Plan Luci\u00e9rnaga, una estrategia de atenci\u00f3n m\u00e9dica preventiva impulsada por la Alcald\u00eda de San Francisco, bajo el liderazgo de H\u00e9ctor Soto, a trav\u00e9s del Instituto Municipal de la Salud (Imsasur), con el prop\u00f3sito de brindar salud gratuita y oportuna a los ni\u00f1os y ni\u00f1as del municipio. Esta acci\u00f3n se enmarca dentro de las 7T de las Grandes Transformaciones del sector Salud, promovidas por el Gobierno Nacional, que buscan fortalecer la atenci\u00f3n integral de la poblaci\u00f3n.<\/p>\n\n\n\n<p>La jornada se desarroll\u00f3 en dos puntos simult\u00e1neos: la sede de Imsasur, en la urbanizaci\u00f3n San Francisco, adyacente al CICPC, y el estacionamiento de la Alcald\u00eda, donde se ofrecieron servicios de vacunaci\u00f3n, desparasitaci\u00f3n y evaluaci\u00f3n cardiovascular para escolares, en horario comprendido entre las 6:00 p.m. y 8:00 p.m.<\/p>\n\n\n\n<figure class=\"wp-block-image size-large\"><img fetchpriority=\"high\" decoding=\"async\" width=\"1024\" height=\"648\" src=\"https:\/\/entretormentas.com\/wp-content\/uploads\/2025\/09\/jornadasurena2-1024x648.jpeg\" alt=\"\" class=\"wp-image-21366\" srcset=\"https:\/\/entretormentas.com\/wp-content\/uploads\/2025\/09\/jornadasurena2-1024x648.jpeg 1024w, https:\/\/entretormentas.com\/wp-content\/uploads\/2025\/09\/jornadasurena2-300x190.jpeg 300w, https:\/\/entretormentas.com\/wp-content\/uploads\/2025\/09\/jornadasurena2-768x486.jpeg 768w, https:\/\/entretormentas.com\/wp-content\/uploads\/2025\/09\/jornadasurena2.jpeg 1280w\" sizes=\"(max-width: 1024px) 100vw, 1024px\" \/><\/figure>\n\n\n\n<p>Durante las actividades se aplicaron vacunas para ni\u00f1os de entre dos meses y cinco a\u00f1os, incluyendo polio intramuscular y oral, toxoide y pentavalente. Para los adultos tambi\u00e9n estuvo disponible la toxoide. Asimismo, se suministr\u00f3 tratamiento antiparasitario para ni\u00f1os a partir de los cinco a\u00f1os, como parte del enfoque integral de salud preventiva.<\/p>\n\n\n\n<p>La enfermera Belkys Brice\u00f1o, encargada de coordinar la jornada, extendi\u00f3 una invitaci\u00f3n a la comunidad para acercarse este viernes a las instalaciones de Imsasur, donde se estar\u00e1n colocando las vacunas contra la fiebre amarilla y la SRP.<\/p>\n\n\n\n<figure class=\"wp-block-image size-large\"><img decoding=\"async\" width=\"1024\" height=\"687\" src=\"https:\/\/entretormentas.com\/wp-content\/uploads\/2025\/09\/jornadasurena4-1024x687.jpeg\" alt=\"\" class=\"wp-image-21367\" srcset=\"https:\/\/entretormentas.com\/wp-content\/uploads\/2025\/09\/jornadasurena4-1024x687.jpeg 1024w, https:\/\/entretormentas.com\/wp-content\/uploads\/2025\/09\/jornadasurena4-300x201.jpeg 300w, https:\/\/entretormentas.com\/wp-content\/uploads\/2025\/09\/jornadasurena4-768x515.jpeg 768w, https:\/\/entretormentas.com\/wp-content\/uploads\/2025\/09\/jornadasurena4.jpeg 1280w\" sizes=\"(max-width: 1024px) 100vw, 1024px\" \/><\/figure>\n\n\n\n<p>Leidy Prieto, una de las madres que asisti\u00f3 con su familia, expres\u00f3: \u201cMe parece una excelente iniciativa por parte de la Alcald\u00eda, ya que nos ayuda a ahorrarnos el tener que hacer los cardiovasculares en una instituci\u00f3n privada. Y el horario es fant\u00e1stico, porque uno est\u00e1 desocupado y puede venir con los chicos a pasear y disfrutar en el parque\u201d.<\/p>\n\n\n\n<p>La Alcald\u00eda de San Francisco invita a la ciudadan\u00eda a participar en las pr\u00f3ximas jornadas del Plan Luci\u00e9rnaga, que se realizar\u00e1n de lunes a viernes, en el mismo horario y en ambos puntos habilitados, reafirmando su compromiso con la salud de los sanfranciscanos como un pilar fundamental de esta nueva etapa de gesti\u00f3n municipal.<br><strong><em>ET \/ Nota de Prensa<\/em><\/strong><\/p>\n","protected":false},"excerpt":{"rendered":"<p>ENTRE TORMENTAS. Este martes inici\u00f3 el Plan Luci\u00e9rnaga, una estrategia de atenci\u00f3n m\u00e9dica preventiva impulsada&#8230;<\/p>\n","protected":false},"author":2,"featured_media":21368,"comment_status":"closed","ping_status":"open","sticky":false,"template":"","format":"standard","meta":{"footnotes":""},"categories":[57,1],"tags":[],"class_list":["post-21365","post","type-post","status-publish","format-standard","has-post-thumbnail","hentry","category-actualidad","category-regionales"],"_links":{"self":[{"href":"https:\/\/entretormentas.com\/index.php?rest_route=\/wp\/v2\/posts\/21365","targetHints":{"allow":["GET"]}}],"collection":[{"href":"https:\/\/entretormentas.com\/index.php?rest_route=\/wp\/v2\/posts"}],"about":[{"href":"https:\/\/entretormentas.com\/index.php?rest_route=\/wp\/v2\/types\/post"}],"author":[{"embeddable":true,"href":"https:\/\/entretormentas.com\/index.php?rest_route=\/wp\/v2\/users\/2"}],"replies":[{"embeddable":true,"href":"https:\/\/entretormentas.com\/index.php?rest_route=%2Fwp%2Fv2%2Fcomments&post=21365"}],"version-history":[{"count":1,"href":"https:\/\/entretormentas.com\/index.php?rest_route=\/wp\/v2\/posts\/21365\/revisions"}],"predecessor-version":[{"id":21369,"href":"https:\/\/entretormentas.com\/index.php?rest_route=\/wp\/v2\/posts\/21365\/revisions\/21369"}],"wp:featuredmedia":[{"embeddable":true,"href":"https:\/\/entretormentas.com\/index.php?rest_route=\/wp\/v2\/media\/21368"}],"wp:attachment":[{"href":"https:\/\/entretormentas.com\/index.php?rest_route=%2Fwp%2Fv2%2Fmedia&parent=21365"}],"wp:term":[{"taxonomy":"category","embeddable":true,"href":"https:\/\/entretormentas.com\/index.php?rest_route=%2Fwp%2Fv2%2Fcategories&post=21365"},{"taxonomy":"post_tag","embeddable":true,"href":"https:\/\/entretormentas.com\/index.php?rest_route=%2Fwp%2Fv2%2Ftags&post=21365"}],"curies":[{"name":"wp","href":"https:\/\/api.w.org\/{rel}","templated":true}]}}