{"id":21370,"date":"2025-09-03T09:45:36","date_gmt":"2025-09-03T07:45:36","guid":{"rendered":"https:\/\/entretormentas.com\/?p=21370"},"modified":"2025-09-03T09:45:37","modified_gmt":"2025-09-03T07:45:37","slug":"estrategias-conjuntas-instalan-mesas-de-trabajo-entre-ongs-humanitarias-y-entes-de-la-alcaldia-de-maracaibo","status":"publish","type":"post","link":"https:\/\/entretormentas.com\/estrategias-conjuntas-instalan-mesas-de-trabajo-entre-ongs-humanitarias-y-entes-de-la-alcaldia-de-maracaibo\/","title":{"rendered":"\u00a1ESTRATEGIAS CONJUNTAS! Instalan mesas de trabajo entre ONGs humanitarias y entes de la Alcald\u00eda de Maracaibo"},"content":{"rendered":"\n<p><strong>ENTRE TORMENTAS. <\/strong>Con el objetivo de dise\u00f1ar estrategias conjuntas para la atenci\u00f3n de los sectores vulnerables de la poblaci\u00f3n y la protecci\u00f3n de ni\u00f1os, ni\u00f1as y adolescentes, la primera dama y directora de Desarrollo Social del municipio, Ana Clara Barboza de Di Martino, encabez\u00f3 este martes la primera de una serie de reuniones entre m\u00e1s de 15 organizaciones humanitarias y agencias internacionales y entes adscritos a la Alcald\u00eda Bolivariana de Maracaibo.<\/p>\n\n\n\n<p>Durante los dias 2 y 3 de septiembre, en la sede del Instituto Municipal de la Gaita \u00abRicardo Aguirre\u00bb (IMGRA) se desarrollar\u00e1n cuatro mesas de trabajo para abordar los derechos de la ni\u00f1ez, mujeres, adultos mayores, pueblos ind\u00edgenas, diversidad sexual y personas con discapacidad.<\/p>\n\n\n\n<figure class=\"wp-block-image size-large\"><img fetchpriority=\"high\" decoding=\"async\" width=\"1024\" height=\"678\" src=\"https:\/\/entretormentas.com\/wp-content\/uploads\/2025\/09\/ongs2-1024x678.jpeg\" alt=\"\" class=\"wp-image-21371\" srcset=\"https:\/\/entretormentas.com\/wp-content\/uploads\/2025\/09\/ongs2-1024x678.jpeg 1024w, https:\/\/entretormentas.com\/wp-content\/uploads\/2025\/09\/ongs2-300x199.jpeg 300w, https:\/\/entretormentas.com\/wp-content\/uploads\/2025\/09\/ongs2-768x509.jpeg 768w, https:\/\/entretormentas.com\/wp-content\/uploads\/2025\/09\/ongs2.jpeg 1107w\" sizes=\"(max-width: 1024px) 100vw, 1024px\" \/><\/figure>\n\n\n\n<p>\u201cLa Alcald\u00eda de Maracaibo promueve este acercamiento entre instituciones con sensibilidad social para que, entre todos, podamos abordar aspectos vulnerables en nuestro municipio.<\/p>\n\n\n\n<p>Este encuentro representa el inicio de muchos proyectos que pudi\u00e9ramos ejecutar en conjunto para encontrar soluciones a mediano y largo plazo\u201d, expres\u00f3 Barboza de Di Martino.<\/p>\n\n\n\n<p>En las jornadas participan m\u00e1s de 15 organizaciones humanitarias y agencias internacionales, entre estas -por parte de la ONU- la Oficina de las Naciones Unidas para la Coordinaci\u00f3n de Asuntos Humanitarios (OCHA), Fondo de las Naciones Unidas para la Infancia (Unicef) y la Agencia de las Naciones Unidas para la salud sexual y reproductiva (Unfpa).<\/p>\n\n\n\n<p>Tambi\u00e9n estuvieron presentes las organizaciones internacionales HIAS (Organizaci\u00f3n de apoyo a los refugiados), NRC (Consejo Noruego para los Refugiados), Save the Children, World Vision, Servicio Jesuita a Refugiados (JRS), as\u00ed como Fundaciones y asociaciones nacionales: FUNVAPE, Ven Da Tu Mano, Construyendo Futuro, Asociaci\u00f3n Civil DRC Venezuela, ACEAM, ASONACOP y CESVI.<\/p>\n\n\n\n<p>\u201cEs muy importante la participaci\u00f3n, la colaboraci\u00f3n y el apoyo que nos brindan estas organizaciones en el \u00e1rea social dentro del municipio\u201d, afirm\u00f3 la primera dama.<\/p>\n\n\n\n<p>Este taller inicial se organiz\u00f3 seg\u00fan los perfiles de la poblaci\u00f3n que aborda cada una de las instituciones. El primer grupo de trabajo debati\u00f3 sobre el resguardo y protecci\u00f3n de los derechos de los ni\u00f1os, ni\u00f1as y adolescentes en Maracaibo. Participaron representantes de la Direcci\u00f3n de Desarrollo Social Fundaci\u00f3n Ni\u00f1os del Sol (Fundanis), Consejo Municipal de Derechos de Ni\u00f1os, Ni\u00f1as y Adolescentes, Consejo de Protecci\u00f3n de Ni\u00f1os, Ni\u00f1as y Adolescentes, Fondo de Protecci\u00f3n, Instituto Municipal del Deporte y la Recreaci\u00f3n (Imdeprec), y la Direcci\u00f3n de Salud.<\/p>\n\n\n\n<figure class=\"wp-block-image size-large\"><img decoding=\"async\" width=\"768\" height=\"1024\" src=\"https:\/\/entretormentas.com\/wp-content\/uploads\/2025\/09\/ongs3-768x1024.jpeg\" alt=\"\" class=\"wp-image-21372\" srcset=\"https:\/\/entretormentas.com\/wp-content\/uploads\/2025\/09\/ongs3-768x1024.jpeg 768w, https:\/\/entretormentas.com\/wp-content\/uploads\/2025\/09\/ongs3-225x300.jpeg 225w, https:\/\/entretormentas.com\/wp-content\/uploads\/2025\/09\/ongs3.jpeg 960w\" sizes=\"(max-width: 768px) 100vw, 768px\" \/><\/figure>\n\n\n\n<p>La segunda mesa trat\u00f3 sobre la defensa de los derechos las mujeres y adultos mayores del municipio, con la presencia de representantes del Instituto Municipal para la Mujer e Igualdad de G\u00e9nero, el Instituto Municipal de la Adulta y Adulto Mayor y la Direcci\u00f3n de Salud.<\/p>\n\n\n\n<p>Este mi\u00e9rcoles 3 de septiembre continuar\u00e1n las reuniones en la ma\u00f1ana con el tema central de respaldo a los pueblos ind\u00edgenas, con la participaci\u00f3n del Instituto Municipal de Pueblos y Comunidades Ind\u00edgenas, la Direcci\u00f3n de Cultura y la Direcci\u00f3n de Salud.<\/p>\n\n\n\n<p>La cuarta mesa de trabajo se centrar\u00e1 en los grupos poblacionales con diversidad sexual y personas con discapacidad y est\u00e1 liderada por el Instituto Municipal para la Sexodiversidad, la Direcci\u00f3n General de Desarrollo Social y la Direcci\u00f3n de Salud.<\/p>\n\n\n\n<p><strong>24 ANIVERSARIO DEL SISTEMA DE PROTECCI\u00d3N<\/strong><br>Las mesas de trabajo se enmarcan en la celebraci\u00f3n del 24 aniversario de la creaci\u00f3n de los Consejos de Protecci\u00f3n del Ni\u00f1o, Ni\u00f1a y Adolescente, iniciativa impulsada en 2001 durante la primera gesti\u00f3n del alcalde Giancarlo Di Martino.<\/p>\n\n\n\n<p>Record\u00f3 Ana Clara de Di Martino que Maracaibo fue pionera en la creaci\u00f3n de un sistema de protecci\u00f3n para ni\u00f1os, ni\u00f1as y adolescentes, y que esa experiencia sirvi\u00f3 de referencia para otros municipios del pa\u00eds.<br><strong><em>ET \/ Nota de Prensa<\/em><\/strong><\/p>\n\n\n\n<p><\/p>\n","protected":false},"excerpt":{"rendered":"<p>ENTRE TORMENTAS. Con el objetivo de dise\u00f1ar estrategias conjuntas para la atenci\u00f3n de los sectores&#8230;<\/p>\n","protected":false},"author":2,"featured_media":21373,"comment_status":"closed","ping_status":"open","sticky":false,"template":"","format":"standard","meta":{"footnotes":""},"categories":[57,1],"tags":[],"class_list":["post-21370","post","type-post","status-publish","format-standard","has-post-thumbnail","hentry","category-actualidad","category-regionales"],"_links":{"self":[{"href":"https:\/\/entretormentas.com\/index.php?rest_route=\/wp\/v2\/posts\/21370","targetHints":{"allow":["GET"]}}],"collection":[{"href":"https:\/\/entretormentas.com\/index.php?rest_route=\/wp\/v2\/posts"}],"about":[{"href":"https:\/\/entretormentas.com\/index.php?rest_route=\/wp\/v2\/types\/post"}],"author":[{"embeddable":true,"href":"https:\/\/entretormentas.com\/index.php?rest_route=\/wp\/v2\/users\/2"}],"replies":[{"embeddable":true,"href":"https:\/\/entretormentas.com\/index.php?rest_route=%2Fwp%2Fv2%2Fcomments&post=21370"}],"version-history":[{"count":1,"href":"https:\/\/entretormentas.com\/index.php?rest_route=\/wp\/v2\/posts\/21370\/revisions"}],"predecessor-version":[{"id":21374,"href":"https:\/\/entretormentas.com\/index.php?rest_route=\/wp\/v2\/posts\/21370\/revisions\/21374"}],"wp:featuredmedia":[{"embeddable":true,"href":"https:\/\/entretormentas.com\/index.php?rest_route=\/wp\/v2\/media\/21373"}],"wp:attachment":[{"href":"https:\/\/entretormentas.com\/index.php?rest_route=%2Fwp%2Fv2%2Fmedia&parent=21370"}],"wp:term":[{"taxonomy":"category","embeddable":true,"href":"https:\/\/entretormentas.com\/index.php?rest_route=%2Fwp%2Fv2%2Fcategories&post=21370"},{"taxonomy":"post_tag","embeddable":true,"href":"https:\/\/entretormentas.com\/index.php?rest_route=%2Fwp%2Fv2%2Ftags&post=21370"}],"curies":[{"name":"wp","href":"https:\/\/api.w.org\/{rel}","templated":true}]}}