{"id":21375,"date":"2025-09-03T09:49:39","date_gmt":"2025-09-03T07:49:39","guid":{"rendered":"https:\/\/entretormentas.com\/?p=21375"},"modified":"2025-09-03T09:49:40","modified_gmt":"2025-09-03T07:49:40","slug":"alcalde-hector-soto-activo-reabren-bansur-e-inician-programas-de-salud-para-beneficiar-a-los-sanfranciscanos","status":"publish","type":"post","link":"https:\/\/entretormentas.com\/alcalde-hector-soto-activo-reabren-bansur-e-inician-programas-de-salud-para-beneficiar-a-los-sanfranciscanos\/","title":{"rendered":"\u00a1ALCALDE H\u00c9CTOR SOTO ACTIVO! Reabren Bansur e inician programas de salud para beneficiar a los sanfranciscanos"},"content":{"rendered":"\n<p><strong>ENTRE TORMENTAS.<\/strong> En un importante avance para la salud p\u00fablica del municipio, el Alcalde Bolivariano de San Francisco, H\u00e9ctor Soto, anunci\u00f3 la pronta reapertura de la Fundaci\u00f3n Banco de Drogas del Sur (Bansur), tras a\u00f1os de inactividad, programa que beneficiaba a miles de familias del Zulia con la entrega de medicamentos.<\/p>\n\n\n\n<p>Soto expres\u00f3: \u201cEn conversaciones con el Gobernador de la entidad, Luis Caldera, sobre un Plan de Acci\u00f3n Social en el municipio San Francisco, se concluy\u00f3 la apertura de Bansur, que va a desarrollarse y a funcionar en los 26 circuitos comunales, con el objetivo de brindar atenci\u00f3n m\u00e1s cercana a la colectividad. En las pr\u00f3ximas semanas se espera su relanzamiento, el cual se espera atender a m\u00e1s de 30 mil sanfranciscanos\u00bb.<\/p>\n\n\n\n<figure class=\"wp-block-image size-large\"><img fetchpriority=\"high\" decoding=\"async\" width=\"1024\" height=\"683\" src=\"https:\/\/entretormentas.com\/wp-content\/uploads\/2025\/09\/oncosur2-1024x683.jpeg\" alt=\"\" class=\"wp-image-21376\" srcset=\"https:\/\/entretormentas.com\/wp-content\/uploads\/2025\/09\/oncosur2-1024x683.jpeg 1024w, https:\/\/entretormentas.com\/wp-content\/uploads\/2025\/09\/oncosur2-300x200.jpeg 300w, https:\/\/entretormentas.com\/wp-content\/uploads\/2025\/09\/oncosur2-768x512.jpeg 768w, https:\/\/entretormentas.com\/wp-content\/uploads\/2025\/09\/oncosur2.jpeg 1080w\" sizes=\"(max-width: 1024px) 100vw, 1024px\" \/><\/figure>\n\n\n\n<p>En este mismo Plan de Acci\u00f3n Social, se dar\u00e1 inicio a las mejoras de la infraestructura del Oncol\u00f3gico Genesis Petit, como primera fase, se adecuar\u00e1 los aires acondicionados de la instituci\u00f3n para garantizar el uso efectivo de los espacios que siguen operativos gracias al gran esfuerzo de la naci\u00f3n, de surtir de insumos de alto costo, a pesar de las sanciones y medidas coercitivas que afectan la llegada de estos.<\/p>\n\n\n\n<p>A su vez, San Francisco se prepara para el inicio del programa \u201cCoraz\u00f3n Zuliano\u201d, que lidera la gobernaci\u00f3n del Zulia, para la atenci\u00f3n de personas con cardiopat\u00edas, donde ser\u00e1n beneficiados los primeros 200 pacientes de todo el municipio en patolog\u00edas, espec\u00edficamente relacionadas con el cateterismo; expres\u00f3 el Alcalde H\u00e9ctor Soto, quien tambi\u00e9n enfatiz\u00f3 el desarrollo de un programa municipal para la salud de las personas que sufren de cataratas.<\/p>\n\n\n\n<figure class=\"wp-block-image size-large\"><img decoding=\"async\" width=\"1024\" height=\"683\" src=\"https:\/\/entretormentas.com\/wp-content\/uploads\/2025\/09\/oncosur3-1024x683.jpeg\" alt=\"\" class=\"wp-image-21377\" srcset=\"https:\/\/entretormentas.com\/wp-content\/uploads\/2025\/09\/oncosur3-1024x683.jpeg 1024w, https:\/\/entretormentas.com\/wp-content\/uploads\/2025\/09\/oncosur3-300x200.jpeg 300w, https:\/\/entretormentas.com\/wp-content\/uploads\/2025\/09\/oncosur3-768x512.jpeg 768w, https:\/\/entretormentas.com\/wp-content\/uploads\/2025\/09\/oncosur3.jpeg 1080w\" sizes=\"(max-width: 1024px) 100vw, 1024px\" \/><\/figure>\n\n\n\n<p>Esto forma parte de las medidas tomadas por el presidente Nicol\u00e1s Maduro para la implementaci\u00f3n de las 7 transformaciones, desarrolladas por los cuatro niveles de gobierno para brindar una atenci\u00f3n digna y de calidad a todos los ciudadanos sin distinci\u00f3n de clase social o distinci\u00f3n pol\u00edtica.<br><strong><em>ET \/ Nota de Prensa<\/em><\/strong><\/p>\n","protected":false},"excerpt":{"rendered":"<p>ENTRE TORMENTAS. En un importante avance para la salud p\u00fablica del municipio, el Alcalde Bolivariano&#8230;<\/p>\n","protected":false},"author":2,"featured_media":21378,"comment_status":"closed","ping_status":"open","sticky":false,"template":"","format":"standard","meta":{"footnotes":""},"categories":[57,1],"tags":[],"class_list":["post-21375","post","type-post","status-publish","format-standard","has-post-thumbnail","hentry","category-actualidad","category-regionales"],"_links":{"self":[{"href":"https:\/\/entretormentas.com\/index.php?rest_route=\/wp\/v2\/posts\/21375","targetHints":{"allow":["GET"]}}],"collection":[{"href":"https:\/\/entretormentas.com\/index.php?rest_route=\/wp\/v2\/posts"}],"about":[{"href":"https:\/\/entretormentas.com\/index.php?rest_route=\/wp\/v2\/types\/post"}],"author":[{"embeddable":true,"href":"https:\/\/entretormentas.com\/index.php?rest_route=\/wp\/v2\/users\/2"}],"replies":[{"embeddable":true,"href":"https:\/\/entretormentas.com\/index.php?rest_route=%2Fwp%2Fv2%2Fcomments&post=21375"}],"version-history":[{"count":1,"href":"https:\/\/entretormentas.com\/index.php?rest_route=\/wp\/v2\/posts\/21375\/revisions"}],"predecessor-version":[{"id":21379,"href":"https:\/\/entretormentas.com\/index.php?rest_route=\/wp\/v2\/posts\/21375\/revisions\/21379"}],"wp:featuredmedia":[{"embeddable":true,"href":"https:\/\/entretormentas.com\/index.php?rest_route=\/wp\/v2\/media\/21378"}],"wp:attachment":[{"href":"https:\/\/entretormentas.com\/index.php?rest_route=%2Fwp%2Fv2%2Fmedia&parent=21375"}],"wp:term":[{"taxonomy":"category","embeddable":true,"href":"https:\/\/entretormentas.com\/index.php?rest_route=%2Fwp%2Fv2%2Fcategories&post=21375"},{"taxonomy":"post_tag","embeddable":true,"href":"https:\/\/entretormentas.com\/index.php?rest_route=%2Fwp%2Fv2%2Ftags&post=21375"}],"curies":[{"name":"wp","href":"https:\/\/api.w.org\/{rel}","templated":true}]}}