{"id":21387,"date":"2025-09-03T10:18:52","date_gmt":"2025-09-03T08:18:52","guid":{"rendered":"https:\/\/entretormentas.com\/?p=21387"},"modified":"2025-09-03T10:18:52","modified_gmt":"2025-09-03T08:18:52","slug":"en-defensa-de-la-paz","status":"publish","type":"post","link":"https:\/\/entretormentas.com\/en-defensa-de-la-paz\/","title":{"rendered":"En defensa de la paz"},"content":{"rendered":"\n<p><strong>ENTRE TORMENTAS.<\/strong> <strong><em>Yo no me quedo en la casa pues al combate me voy\u2026<\/em><\/strong> esta estrofa, como muchas otras de las canciones de Al\u00ed Primera, resuena en las plazas Bol\u00edvar de toda Venezuela invitando a enlistarse en defensa de la Patria.<\/p>\n\n\n\n<p>En lo personal no comparto lo de alistamiento, pero menos comparto que unos pocos se alegren por la posibilidad de una invasi\u00f3n u ocupaci\u00f3n militar.<\/p>\n\n\n\n<p>Y es que hagamos este ejercicio, no existe en el pa\u00eds un parque de armas tan grande para que cada miliciano porte una para defenderse y no muchos tienen el adiestramiento necesario para hacerlo aunque, despu\u00e9s de todo, qu\u00e9 tan dif\u00edcil puede ser apretar un gatillo y desvivir a otro ser humano?<\/p>\n\n\n\n<p>Te imaginas que est\u00e1s en tu casa con un fusil y 30 balas y debas salir a la calle a defender nuestro suelo pero dejando en esa casa a tu familia?<\/p>\n\n\n\n<p>Las balas perdidas existen porque una vez que son vomitadas por una llamarada de la boca del ca\u00f1\u00f3n de cualquier arma, salen sin un nombre, su sola misi\u00f3n es causar da\u00f1o sin importar a qui\u00e9n.<\/p>\n\n\n\n<p>Eso es lo que precisamente piden quienes llaman a la intervenci\u00f3n extranjera, un ba\u00f1o de sangre, donde la ideolog\u00eda pol\u00edtica no sirve de escudo, a menos que te arrodilles en suelo propio en un acto de sumisi\u00f3n.<\/p>\n\n\n\n<p>Me niego a que una ma\u00f1ana no sea el olor a caf\u00e9 el que me despierte sino un perfume agrio, como el del plomo y la tierra mojada por una lluvia que nunca lleg\u00f3.<\/p>\n\n\n\n<figure class=\"wp-block-image size-full\"><img fetchpriority=\"high\" decoding=\"async\" width=\"512\" height=\"512\" src=\"https:\/\/entretormentas.com\/wp-content\/uploads\/2025\/09\/sandsand.jpeg\" alt=\"\" class=\"wp-image-21388\" srcset=\"https:\/\/entretormentas.com\/wp-content\/uploads\/2025\/09\/sandsand.jpeg 512w, https:\/\/entretormentas.com\/wp-content\/uploads\/2025\/09\/sandsand-300x300.jpeg 300w, https:\/\/entretormentas.com\/wp-content\/uploads\/2025\/09\/sandsand-150x150.jpeg 150w\" sizes=\"(max-width: 512px) 100vw, 512px\" \/><\/figure>\n\n\n\n<p>Que el sonido de las explosiones no sea un eco lejano, sino un estruendo que sacuda las paredes de la casa, que en el televisor parpadeen im\u00e1genes de tanques de un color caqui oxidado, con banderas altisonantes y pendencieras flanqueadas por el titular: \u00abOperaci\u00f3n contra el narcotr\u00e1fico y la libertad\u00bb.<\/p>\n\n\n\n<p>\u200bY me pregunto, cu\u00e1l libertad, la de Irak, Afganist\u00e1n? Pregunten a las mujeres de estos pa\u00edses por su libertad, o si los misiles frenan su ca\u00edda mortal al mirar desde el cielo la inocente mirada de un ni\u00f1o?<\/p>\n\n\n\n<p>\u200bLa amenaza de la guerra ha llegado, y no deseo que me encuentre, ni por sorpresa, en mi casa.\u00bbEl que se cansa de luchar, se convierte en un mu\u00f1eco de trapo\u00bb, me decian, y lo creo.<\/p>\n\n\n\n<p>La paz y la libertad se conquistan, pero nunca a costa de entregar la dignidad de nuestro suelo a los extranjeros porque entonces de qu\u00e9 sirvi\u00f3 la lucha por la libertad si volvemos a buscar amos que nos gobiernen?<\/p>\n\n\n\n<p><strong><em>\u00abMadre, d\u00e9jame luchar\u2026t\u00fa me ense\u00f1aste a no matar las mariposas\u2026\u00bb.<\/em><\/strong><\/p>\n\n\n\n<p>La lucha, por lo menos la m\u00eda, es por construir ciudadan\u00eda, por el derecho a un salario digno, a la salud y servicios p\u00fablicos que permitan recuperar la calidad de vida, por el respeto a mi hermano venezolano, porque no nos vean como una naci\u00f3n de invasores en otras latitudes sino como embajadores de un pueblo echado para adelante, con ganas de siempre superarse y sonrientes ante la vida.<\/p>\n\n\n\n<p>Y como bien lo dijo Facundo: \u00abSoy el esclavo m\u00e1s libre, esclavo de lo que amo, la libertad y la justicia, saben bien de qui\u00e9n les hablo\u00bb.<\/p>\n\n\n\n<p>Esa es y ser\u00e1 mi \u00fanica guerra.<br><strong><em>Por Sandy Ulacio<br>Periodista<\/em><\/strong><\/p>\n\n\n\n<p><\/p>\n","protected":false},"excerpt":{"rendered":"<p>ENTRE TORMENTAS. Yo no me quedo en la casa pues al combate me voy\u2026 esta&#8230;<\/p>\n","protected":false},"author":2,"featured_media":21389,"comment_status":"closed","ping_status":"open","sticky":false,"template":"","format":"standard","meta":{"footnotes":""},"categories":[50],"tags":[],"class_list":["post-21387","post","type-post","status-publish","format-standard","has-post-thumbnail","hentry","category-opinion"],"_links":{"self":[{"href":"https:\/\/entretormentas.com\/index.php?rest_route=\/wp\/v2\/posts\/21387","targetHints":{"allow":["GET"]}}],"collection":[{"href":"https:\/\/entretormentas.com\/index.php?rest_route=\/wp\/v2\/posts"}],"about":[{"href":"https:\/\/entretormentas.com\/index.php?rest_route=\/wp\/v2\/types\/post"}],"author":[{"embeddable":true,"href":"https:\/\/entretormentas.com\/index.php?rest_route=\/wp\/v2\/users\/2"}],"replies":[{"embeddable":true,"href":"https:\/\/entretormentas.com\/index.php?rest_route=%2Fwp%2Fv2%2Fcomments&post=21387"}],"version-history":[{"count":1,"href":"https:\/\/entretormentas.com\/index.php?rest_route=\/wp\/v2\/posts\/21387\/revisions"}],"predecessor-version":[{"id":21390,"href":"https:\/\/entretormentas.com\/index.php?rest_route=\/wp\/v2\/posts\/21387\/revisions\/21390"}],"wp:featuredmedia":[{"embeddable":true,"href":"https:\/\/entretormentas.com\/index.php?rest_route=\/wp\/v2\/media\/21389"}],"wp:attachment":[{"href":"https:\/\/entretormentas.com\/index.php?rest_route=%2Fwp%2Fv2%2Fmedia&parent=21387"}],"wp:term":[{"taxonomy":"category","embeddable":true,"href":"https:\/\/entretormentas.com\/index.php?rest_route=%2Fwp%2Fv2%2Fcategories&post=21387"},{"taxonomy":"post_tag","embeddable":true,"href":"https:\/\/entretormentas.com\/index.php?rest_route=%2Fwp%2Fv2%2Ftags&post=21387"}],"curies":[{"name":"wp","href":"https:\/\/api.w.org\/{rel}","templated":true}]}}