{"id":21412,"date":"2025-09-06T17:42:33","date_gmt":"2025-09-06T21:42:33","guid":{"rendered":"https:\/\/entretormentas.com\/?p=21412"},"modified":"2025-09-06T17:42:34","modified_gmt":"2025-09-06T21:42:34","slug":"rafael-valcarcel-dir-del-imcec-se-inician-cursos-de-capacitacion-con-opciones-de-emprendimiento","status":"publish","type":"post","link":"https:\/\/entretormentas.com\/rafael-valcarcel-dir-del-imcec-se-inician-cursos-de-capacitacion-con-opciones-de-emprendimiento\/","title":{"rendered":"RAFAEL VALCARCEL, DIR. DEL IMCEC: \u00abSe inician cursos de capacitaci\u00f3n con opciones de emprendimiento\u201d"},"content":{"rendered":"\n<p><strong>ENTRE TORMENTAS. <\/strong>La Alcald\u00eda de Maracaibo, a trav\u00e9s del Instituto Municipal de Capacitaci\u00f3n y Educaci\u00f3n Ciudadana (IMCEC), anunci\u00f3 el inicio de cursos formativos que se desarrollar\u00e1n en el Complejo Cultural y Deportivo Patria Joven, ubicado en el sector Libertador, parroquia Antonio Borjas Romero.<\/p>\n\n\n\n<figure class=\"wp-block-image size-full\"><img fetchpriority=\"high\" decoding=\"async\" width=\"511\" height=\"360\" src=\"https:\/\/entretormentas.com\/wp-content\/uploads\/2025\/09\/ince2.jpeg\" alt=\"\" class=\"wp-image-21413\" srcset=\"https:\/\/entretormentas.com\/wp-content\/uploads\/2025\/09\/ince2.jpeg 511w, https:\/\/entretormentas.com\/wp-content\/uploads\/2025\/09\/ince2-300x211.jpeg 300w\" sizes=\"(max-width: 511px) 100vw, 511px\" \/><\/figure>\n\n\n\n<p>En su cuenta principal @imceceducaci\u00f3n, la direcci\u00f3n inform\u00f3 que es una oportunidad abierta al pueblo para adquirir nuevas habilidades y fortalecer capacidades laborales.<br>Agreg\u00f3 Valcarcel que en esta nueva etapa de formaci\u00f3n incluyen: Barber\u00eda (b\u00e1sica y avanzada), panader\u00eda b\u00e1sica, corte y costura, decoraci\u00f3n con globos para eventos infantiles, computaci\u00f3n, bisuter\u00eda y artesan\u00eda way\u00fau.<\/p>\n\n\n\n<p>Las personas interesadas pueden obtener m\u00e1s informaci\u00f3n a trav\u00e9s de las cuentas oficiales del IMCEC en redes sociales o directamente en sus distintas sedes:<br>\u2022Centro Comercial Costa Verde<br>\u2022Complejo Cultural y Deportivo Patria Joven (sector Libertador, parroquia Antonio Borjas Romero).<br>\u2022Centro de Participaci\u00f3n Ciudadana Juana de \u00c1vila (Urb. San Jacinto, sector 7 con Av. 2)<br>\u2022Centro de Participaci\u00f3n Ciudadana Francisco Eugenio Bustamante (Calle 95V, corredor vial Los Bucares, detr\u00e1s de los patrulleros)<\/p>\n\n\n\n<figure class=\"wp-block-image size-full\"><img decoding=\"async\" width=\"468\" height=\"352\" src=\"https:\/\/entretormentas.com\/wp-content\/uploads\/2025\/09\/ince3.jpeg\" alt=\"\" class=\"wp-image-21414\" srcset=\"https:\/\/entretormentas.com\/wp-content\/uploads\/2025\/09\/ince3.jpeg 468w, https:\/\/entretormentas.com\/wp-content\/uploads\/2025\/09\/ince3-300x226.jpeg 300w\" sizes=\"(max-width: 468px) 100vw, 468px\" \/><\/figure>\n\n\n\n<p>Con esta iniciativa, la Alcald\u00eda busca ofrecer herramientas pr\u00e1cticas y oportunidades de aprendizaje que contribuyan al desarrollo personal y profesional de los marabinos, fomentando la inclusi\u00f3n y el fortalecimiento de las comunidades.<br><strong><em>ET \/ Nota de Prensa<\/em><\/strong><\/p>\n\n\n\n<p><\/p>\n","protected":false},"excerpt":{"rendered":"<p>ENTRE TORMENTAS. La Alcald\u00eda de Maracaibo, a trav\u00e9s del Instituto Municipal de Capacitaci\u00f3n y Educaci\u00f3n&#8230;<\/p>\n","protected":false},"author":2,"featured_media":21415,"comment_status":"closed","ping_status":"open","sticky":false,"template":"","format":"standard","meta":{"footnotes":""},"categories":[57,1],"tags":[],"class_list":["post-21412","post","type-post","status-publish","format-standard","has-post-thumbnail","hentry","category-actualidad","category-regionales"],"_links":{"self":[{"href":"https:\/\/entretormentas.com\/index.php?rest_route=\/wp\/v2\/posts\/21412","targetHints":{"allow":["GET"]}}],"collection":[{"href":"https:\/\/entretormentas.com\/index.php?rest_route=\/wp\/v2\/posts"}],"about":[{"href":"https:\/\/entretormentas.com\/index.php?rest_route=\/wp\/v2\/types\/post"}],"author":[{"embeddable":true,"href":"https:\/\/entretormentas.com\/index.php?rest_route=\/wp\/v2\/users\/2"}],"replies":[{"embeddable":true,"href":"https:\/\/entretormentas.com\/index.php?rest_route=%2Fwp%2Fv2%2Fcomments&post=21412"}],"version-history":[{"count":1,"href":"https:\/\/entretormentas.com\/index.php?rest_route=\/wp\/v2\/posts\/21412\/revisions"}],"predecessor-version":[{"id":21416,"href":"https:\/\/entretormentas.com\/index.php?rest_route=\/wp\/v2\/posts\/21412\/revisions\/21416"}],"wp:featuredmedia":[{"embeddable":true,"href":"https:\/\/entretormentas.com\/index.php?rest_route=\/wp\/v2\/media\/21415"}],"wp:attachment":[{"href":"https:\/\/entretormentas.com\/index.php?rest_route=%2Fwp%2Fv2%2Fmedia&parent=21412"}],"wp:term":[{"taxonomy":"category","embeddable":true,"href":"https:\/\/entretormentas.com\/index.php?rest_route=%2Fwp%2Fv2%2Fcategories&post=21412"},{"taxonomy":"post_tag","embeddable":true,"href":"https:\/\/entretormentas.com\/index.php?rest_route=%2Fwp%2Fv2%2Ftags&post=21412"}],"curies":[{"name":"wp","href":"https:\/\/api.w.org\/{rel}","templated":true}]}}