{"id":21417,"date":"2025-09-06T17:47:28","date_gmt":"2025-09-06T21:47:28","guid":{"rendered":"https:\/\/entretormentas.com\/?p=21417"},"modified":"2025-09-06T17:47:29","modified_gmt":"2025-09-06T21:47:29","slug":"nueva-responsabilidad-designan-a-carlos-colina-como-director-regional-del-consejo-federal-de-gobierno","status":"publish","type":"post","link":"https:\/\/entretormentas.com\/nueva-responsabilidad-designan-a-carlos-colina-como-director-regional-del-consejo-federal-de-gobierno\/","title":{"rendered":"\u00a1NUEVA RESPONSABILIDAD! Designan a Carlos Colina como Director Regional del Consejo Federal de Gobierno"},"content":{"rendered":"\n<p><strong>ENTRE TORMENTAS. <\/strong>El Consejo Federal de Gobierno tiene nuevo director, el joven Carlos Colina, quien tendr\u00e1 la importante responsabilidad de coordinar y planificar las pol\u00edticas y acciones para el proceso de transferencia de competencias del gobierno nacional a los estados, municipios y consejos comunales.<\/p>\n\n\n\n<p>El nombramiento fue entregado por el director general de la Alcald\u00eda de Maracaibo, Arnoldo Olivares, quien destac\u00f3 las capacidades de Carlos Colina para ejercer la responsabilidad asignada. \u201cOrgulloso de entregarle a Carlos, vi toda su formaci\u00f3n, su crecimiento y s\u00e9 que lo va a hacer bien, con un extraordinario grupo de j\u00f3venes que conocen bien la din\u00e1mica del Consejo Federal de Gobierno y que lo van a ayudar a hacer ese trabajo\u201d.<\/p>\n\n\n\n<figure class=\"wp-block-image size-large\"><img fetchpriority=\"high\" decoding=\"async\" width=\"1024\" height=\"547\" src=\"https:\/\/entretormentas.com\/wp-content\/uploads\/2025\/09\/federal2-1024x547.jpeg\" alt=\"\" class=\"wp-image-21418\" srcset=\"https:\/\/entretormentas.com\/wp-content\/uploads\/2025\/09\/federal2-1024x547.jpeg 1024w, https:\/\/entretormentas.com\/wp-content\/uploads\/2025\/09\/federal2-300x160.jpeg 300w, https:\/\/entretormentas.com\/wp-content\/uploads\/2025\/09\/federal2-768x411.jpeg 768w, https:\/\/entretormentas.com\/wp-content\/uploads\/2025\/09\/federal2.jpeg 1085w\" sizes=\"(max-width: 1024px) 100vw, 1024px\" \/><\/figure>\n\n\n\n<p>Carlos Colina agradeci\u00f3 a Dios primeramente y al director general Arnoldo Olivares \u201ccomo padre, como maestro, el trabajo sigue adelante con esta familia, con estos compa\u00f1eros, con estos amigos, compa\u00f1eros del equipo municipal, pero sobre todo con el equipo del Partido Socialista Unido de Venezuela, que vamos a seguir con la misma bandera, tenemos los cuatro niveles de gobierno, tenemos al presidente Nicol\u00e1s Maduro, al gobernador el tawala Luis Caldera, el alcalde Giancarlo Di Martino y la consigna es \u00a1comuna o nada!\u201d.<\/p>\n\n\n\n<p>Colina destac\u00f3 que recibe la Direcci\u00f3n Regional del Consejo Federal de Gobierno de parte de Arnoldo Olivares. \u201ccamarada, hermano, a quien felicitamos por su gesti\u00f3n. Hoy nos comprometemos m\u00e1s que nunca a seguir impulsando el Poder Popular en el estado Zulia siempre junto al Pueblo\u201d.<\/p>\n\n\n\n<p>El joven Carlos Colina tiene tambi\u00e9n la importante responsabilidad de realizar el seguimiento y evaluaci\u00f3n de los proyectos, su progreso y resultados del proceso descentralizador, as\u00ed como apoyar al Ejecutivo Nacional en la formulaci\u00f3n del plan de desarrollo institucional en coordinaci\u00f3n con los \u00f3rganos y entes competentes de los distintos niveles territoriales de Gobierno, entre otras funciones.<br><strong><em>ET \/ Nota de Prensa<\/em><\/strong><\/p>\n","protected":false},"excerpt":{"rendered":"<p>ENTRE TORMENTAS. El Consejo Federal de Gobierno tiene nuevo director, el joven Carlos Colina, quien&#8230;<\/p>\n","protected":false},"author":2,"featured_media":21419,"comment_status":"closed","ping_status":"open","sticky":false,"template":"","format":"standard","meta":{"footnotes":""},"categories":[57,1],"tags":[],"class_list":["post-21417","post","type-post","status-publish","format-standard","has-post-thumbnail","hentry","category-actualidad","category-regionales"],"_links":{"self":[{"href":"https:\/\/entretormentas.com\/index.php?rest_route=\/wp\/v2\/posts\/21417","targetHints":{"allow":["GET"]}}],"collection":[{"href":"https:\/\/entretormentas.com\/index.php?rest_route=\/wp\/v2\/posts"}],"about":[{"href":"https:\/\/entretormentas.com\/index.php?rest_route=\/wp\/v2\/types\/post"}],"author":[{"embeddable":true,"href":"https:\/\/entretormentas.com\/index.php?rest_route=\/wp\/v2\/users\/2"}],"replies":[{"embeddable":true,"href":"https:\/\/entretormentas.com\/index.php?rest_route=%2Fwp%2Fv2%2Fcomments&post=21417"}],"version-history":[{"count":1,"href":"https:\/\/entretormentas.com\/index.php?rest_route=\/wp\/v2\/posts\/21417\/revisions"}],"predecessor-version":[{"id":21420,"href":"https:\/\/entretormentas.com\/index.php?rest_route=\/wp\/v2\/posts\/21417\/revisions\/21420"}],"wp:featuredmedia":[{"embeddable":true,"href":"https:\/\/entretormentas.com\/index.php?rest_route=\/wp\/v2\/media\/21419"}],"wp:attachment":[{"href":"https:\/\/entretormentas.com\/index.php?rest_route=%2Fwp%2Fv2%2Fmedia&parent=21417"}],"wp:term":[{"taxonomy":"category","embeddable":true,"href":"https:\/\/entretormentas.com\/index.php?rest_route=%2Fwp%2Fv2%2Fcategories&post=21417"},{"taxonomy":"post_tag","embeddable":true,"href":"https:\/\/entretormentas.com\/index.php?rest_route=%2Fwp%2Fv2%2Ftags&post=21417"}],"curies":[{"name":"wp","href":"https:\/\/api.w.org\/{rel}","templated":true}]}}