{"id":21421,"date":"2025-09-06T17:54:25","date_gmt":"2025-09-06T21:54:25","guid":{"rendered":"https:\/\/entretormentas.com\/?p=21421"},"modified":"2025-09-06T17:54:26","modified_gmt":"2025-09-06T21:54:26","slug":"atendidos-por-fundanica-damasur-asume-dotacion-de-alimentos-para-pacientes-oncologicos-de-san-francisco","status":"publish","type":"post","link":"https:\/\/entretormentas.com\/atendidos-por-fundanica-damasur-asume-dotacion-de-alimentos-para-pacientes-oncologicos-de-san-francisco\/","title":{"rendered":"\u00a1ATENDIDOS POR FUNDANICA! Damasur asume dotaci\u00f3n de alimentos para pacientes oncol\u00f3gicos de San Francisco"},"content":{"rendered":"\n<p><strong>ENTRE TORMENTAS.<\/strong> En el Mes Internacional de la Concientizaci\u00f3n sobre el C\u00e1ncer Infantil, la primera dama de San Francisco y presidenta de la Fundaci\u00f3n Damas del Sur (Damasur), Hillary Soto, anunci\u00f3 el inicio del apoyo quincenal con alimentos para los pacientes del municipio abordados por la Fundaci\u00f3n Amigos del Ni\u00f1o con C\u00e1ncer (Fundanica).<\/p>\n\n\n\n<p>Durante su visita a Fundanica, la presidenta de Damasur afirm\u00f3: \u00abComo servidores p\u00fablicos, pero sobre todo como seres humanos, el Alcalde Bolivariano H\u00e9ctor Soto y yo sentimos que no pod\u00edamos mirar hacia otro lado. Esta causa nos toca el alma, porque cuando se trata de salvar una vida, cada granito de arena cuenta, por peque\u00f1o que parezca y entendemos que la nutrici\u00f3n tambi\u00e9n es parte del tratamiento y de la esperanza\u00bb<\/p>\n\n\n\n<figure class=\"wp-block-image size-large\"><img fetchpriority=\"high\" decoding=\"async\" width=\"1024\" height=\"768\" src=\"https:\/\/entretormentas.com\/wp-content\/uploads\/2025\/09\/fundanisur2-1024x768.jpeg\" alt=\"\" class=\"wp-image-21422\" srcset=\"https:\/\/entretormentas.com\/wp-content\/uploads\/2025\/09\/fundanisur2-1024x768.jpeg 1024w, https:\/\/entretormentas.com\/wp-content\/uploads\/2025\/09\/fundanisur2-300x225.jpeg 300w, https:\/\/entretormentas.com\/wp-content\/uploads\/2025\/09\/fundanisur2-768x576.jpeg 768w, https:\/\/entretormentas.com\/wp-content\/uploads\/2025\/09\/fundanisur2.jpeg 1280w\" sizes=\"(max-width: 1024px) 100vw, 1024px\" \/><\/figure>\n\n\n\n<p><strong>ALIANZAS POR LA SALUD DE LOS NI\u00d1OS<\/strong><br>La primera dama del sur expres\u00f3 su disposici\u00f3n a continuar uniendo fuerzas con Fundanica para que \u00abeste hermoso proyecto siga beneficiando a muchos m\u00e1s ni\u00f1os del occidente del pa\u00eds. Muy pronto les estaremos informando sobre nuestro plan de acci\u00f3n\u00bb, subray\u00f3.<\/p>\n\n\n\n<p>Por su parte, la gerente general de Fundanica Zulia, Sandra Gotera, agradeci\u00f3 el respaldo del municipio: \u00abLa alimentaci\u00f3n en nuestros ni\u00f1os es fundamental en sus tratamientos, y la garant\u00eda de estas dotaciones para ellos es un punto a favor para su salud. Su apoyo y disposici\u00f3n nos hacen sentir que no estamos solos en esta lucha\u00bb, expres\u00f3.<\/p>\n\n\n\n<figure class=\"wp-block-image size-large\"><img decoding=\"async\" width=\"768\" height=\"1024\" src=\"https:\/\/entretormentas.com\/wp-content\/uploads\/2025\/09\/fundanisur3-768x1024.jpeg\" alt=\"\" class=\"wp-image-21423\" srcset=\"https:\/\/entretormentas.com\/wp-content\/uploads\/2025\/09\/fundanisur3-768x1024.jpeg 768w, https:\/\/entretormentas.com\/wp-content\/uploads\/2025\/09\/fundanisur3-225x300.jpeg 225w, https:\/\/entretormentas.com\/wp-content\/uploads\/2025\/09\/fundanisur3.jpeg 960w\" sizes=\"(max-width: 768px) 100vw, 768px\" \/><\/figure>\n\n\n\n<p>Marta Fajardo, habitante de la parroquia Marcial Hern\u00e1ndez y madre de un paciente oncol\u00f3gico atendido por Fundanica, expres\u00f3 su agradecimiento durante la jornada: \u201cGracias por tomarnos en cuenta y por ofrecernos estos alimentos. Para quienes vivimos esta lucha d\u00eda a d\u00eda, cada apoyo significa alivio, esperanza y fuerza para seguir adelante\u201d.<\/p>\n\n\n\n<p>Cabe destacar que estas alianzas forman parte del plan estrat\u00e9gico de atenci\u00f3n social impulsado por el Alcalde H\u00e9ctor Soto y esta alineado a las 7 Transformaciones de la Patria, especialmente en los ejes de protecci\u00f3n social, salud y participaci\u00f3n popular.<br><strong><em>ET \/ Nota de Prensa<\/em><\/strong><\/p>\n\n\n\n<p><\/p>\n","protected":false},"excerpt":{"rendered":"<p>ENTRE TORMENTAS. En el Mes Internacional de la Concientizaci\u00f3n sobre el C\u00e1ncer Infantil, la primera&#8230;<\/p>\n","protected":false},"author":2,"featured_media":21424,"comment_status":"closed","ping_status":"open","sticky":false,"template":"","format":"standard","meta":{"footnotes":""},"categories":[57,1],"tags":[],"class_list":["post-21421","post","type-post","status-publish","format-standard","has-post-thumbnail","hentry","category-actualidad","category-regionales"],"_links":{"self":[{"href":"https:\/\/entretormentas.com\/index.php?rest_route=\/wp\/v2\/posts\/21421","targetHints":{"allow":["GET"]}}],"collection":[{"href":"https:\/\/entretormentas.com\/index.php?rest_route=\/wp\/v2\/posts"}],"about":[{"href":"https:\/\/entretormentas.com\/index.php?rest_route=\/wp\/v2\/types\/post"}],"author":[{"embeddable":true,"href":"https:\/\/entretormentas.com\/index.php?rest_route=\/wp\/v2\/users\/2"}],"replies":[{"embeddable":true,"href":"https:\/\/entretormentas.com\/index.php?rest_route=%2Fwp%2Fv2%2Fcomments&post=21421"}],"version-history":[{"count":1,"href":"https:\/\/entretormentas.com\/index.php?rest_route=\/wp\/v2\/posts\/21421\/revisions"}],"predecessor-version":[{"id":21425,"href":"https:\/\/entretormentas.com\/index.php?rest_route=\/wp\/v2\/posts\/21421\/revisions\/21425"}],"wp:featuredmedia":[{"embeddable":true,"href":"https:\/\/entretormentas.com\/index.php?rest_route=\/wp\/v2\/media\/21424"}],"wp:attachment":[{"href":"https:\/\/entretormentas.com\/index.php?rest_route=%2Fwp%2Fv2%2Fmedia&parent=21421"}],"wp:term":[{"taxonomy":"category","embeddable":true,"href":"https:\/\/entretormentas.com\/index.php?rest_route=%2Fwp%2Fv2%2Fcategories&post=21421"},{"taxonomy":"post_tag","embeddable":true,"href":"https:\/\/entretormentas.com\/index.php?rest_route=%2Fwp%2Fv2%2Ftags&post=21421"}],"curies":[{"name":"wp","href":"https:\/\/api.w.org\/{rel}","templated":true}]}}