{"id":21431,"date":"2025-09-06T18:04:37","date_gmt":"2025-09-06T22:04:37","guid":{"rendered":"https:\/\/entretormentas.com\/?p=21431"},"modified":"2025-09-06T18:04:37","modified_gmt":"2025-09-06T22:04:37","slug":"en-comuna-de-marcial-hernandez-alcalde-hector-soto-activa-despliegue-civico-militar-y-policial-en-san-francisco","status":"publish","type":"post","link":"https:\/\/entretormentas.com\/en-comuna-de-marcial-hernandez-alcalde-hector-soto-activa-despliegue-civico-militar-y-policial-en-san-francisco\/","title":{"rendered":"\u00a1EN COMUNA DE MARCIAL HERN\u00c1NDEZ! Alcalde H\u00e9ctor Soto activa despliegue c\u00edvico, militar y policial en San Francisco"},"content":{"rendered":"\n<p><strong>ENTRE TORMENTAS.<\/strong> Bajo los lineamientos del Presidente Nicol\u00e1s Maduro, el Alcalde de San Francisco, H\u00e9ctor Soto, particip\u00f3 en el despliegue c\u00edvico, militar y policial por la defensa de la paz en los circuitos comunales, llevado a cabo en la parroquia Marcial Hern\u00e1ndez, en la comuna \u00abEl Renacer del Coraz\u00f3n de las Sabanas Revolucionarias\u00bb.<\/p>\n\n\n\n<p>El primer mandatario municipal destac\u00f3 que en esta actividad se activaron las Fuerzas Patriotas de La Revoluci\u00f3n, el Poder Popular, y la Milicia Bolivariana. \u00abPresidente aqu\u00ed est\u00e1 su gente desplegada a lo largo y ancho del municipio San Francisco en los 26 circuitos comunales, la Patria de Bol\u00edvar se defiende, la Patria de Ch\u00e1vez se defiende\u00bb, indic\u00f3 Soto.<\/p>\n\n\n\n<figure class=\"wp-block-image size-large\"><img fetchpriority=\"high\" decoding=\"async\" width=\"1024\" height=\"682\" src=\"https:\/\/entretormentas.com\/wp-content\/uploads\/2025\/09\/surcomuna2-1024x682.jpeg\" alt=\"\" class=\"wp-image-21432\" srcset=\"https:\/\/entretormentas.com\/wp-content\/uploads\/2025\/09\/surcomuna2-1024x682.jpeg 1024w, https:\/\/entretormentas.com\/wp-content\/uploads\/2025\/09\/surcomuna2-300x200.jpeg 300w, https:\/\/entretormentas.com\/wp-content\/uploads\/2025\/09\/surcomuna2-768x512.jpeg 768w, https:\/\/entretormentas.com\/wp-content\/uploads\/2025\/09\/surcomuna2.jpeg 1280w\" sizes=\"(max-width: 1024px) 100vw, 1024px\" \/><\/figure>\n\n\n\n<p>M\u00f3nica Zarate, l\u00edder de la comuna El Renacer del Coraz\u00f3n de Las Sabanas Revolucionarias, expres\u00f3: \u00abestamos aqu\u00ed en apoyo a la soberan\u00eda de nuestra Venezuela como lo orden\u00f3 el Presidente Nicol\u00e1s Maduro, nos encontramos activos para recibir directrices mediante una videoconferencia sobre las actividades a realizar en los pr\u00f3ximos d\u00edas en defensa de la paz\u00bb, manifest\u00f3 Zarate.<\/p>\n\n\n\n<p>Este primer ciclo de organizaci\u00f3n, movilizaci\u00f3n y formaci\u00f3n es realizado con el objetivo de garantizar el orden y civismo de las comunas del municipio San Francisco, as\u00ed como tambi\u00e9n con el prop\u00f3sito de elevar el compromiso por la defensa de la soberan\u00eda del pueblo venezolano.<br><strong><em>ET \/ Nota de Prensa<\/em><\/strong><\/p>\n","protected":false},"excerpt":{"rendered":"<p>ENTRE TORMENTAS. Bajo los lineamientos del Presidente Nicol\u00e1s Maduro, el Alcalde de San Francisco, H\u00e9ctor&#8230;<\/p>\n","protected":false},"author":2,"featured_media":21433,"comment_status":"closed","ping_status":"open","sticky":false,"template":"","format":"standard","meta":{"footnotes":""},"categories":[57,1],"tags":[],"class_list":["post-21431","post","type-post","status-publish","format-standard","has-post-thumbnail","hentry","category-actualidad","category-regionales"],"_links":{"self":[{"href":"https:\/\/entretormentas.com\/index.php?rest_route=\/wp\/v2\/posts\/21431","targetHints":{"allow":["GET"]}}],"collection":[{"href":"https:\/\/entretormentas.com\/index.php?rest_route=\/wp\/v2\/posts"}],"about":[{"href":"https:\/\/entretormentas.com\/index.php?rest_route=\/wp\/v2\/types\/post"}],"author":[{"embeddable":true,"href":"https:\/\/entretormentas.com\/index.php?rest_route=\/wp\/v2\/users\/2"}],"replies":[{"embeddable":true,"href":"https:\/\/entretormentas.com\/index.php?rest_route=%2Fwp%2Fv2%2Fcomments&post=21431"}],"version-history":[{"count":1,"href":"https:\/\/entretormentas.com\/index.php?rest_route=\/wp\/v2\/posts\/21431\/revisions"}],"predecessor-version":[{"id":21434,"href":"https:\/\/entretormentas.com\/index.php?rest_route=\/wp\/v2\/posts\/21431\/revisions\/21434"}],"wp:featuredmedia":[{"embeddable":true,"href":"https:\/\/entretormentas.com\/index.php?rest_route=\/wp\/v2\/media\/21433"}],"wp:attachment":[{"href":"https:\/\/entretormentas.com\/index.php?rest_route=%2Fwp%2Fv2%2Fmedia&parent=21431"}],"wp:term":[{"taxonomy":"category","embeddable":true,"href":"https:\/\/entretormentas.com\/index.php?rest_route=%2Fwp%2Fv2%2Fcategories&post=21431"},{"taxonomy":"post_tag","embeddable":true,"href":"https:\/\/entretormentas.com\/index.php?rest_route=%2Fwp%2Fv2%2Ftags&post=21431"}],"curies":[{"name":"wp","href":"https:\/\/api.w.org\/{rel}","templated":true}]}}