{"id":21435,"date":"2025-09-06T18:09:42","date_gmt":"2025-09-06T22:09:42","guid":{"rendered":"https:\/\/entretormentas.com\/?p=21435"},"modified":"2025-09-06T18:09:42","modified_gmt":"2025-09-06T22:09:42","slug":"en-la-plazoleta-de-la-basilica-con-descuentos-de-hasta-un-30-en-utiles-la-alcaldia-de-maracaibo-inicio-feria-escolar","status":"publish","type":"post","link":"https:\/\/entretormentas.com\/en-la-plazoleta-de-la-basilica-con-descuentos-de-hasta-un-30-en-utiles-la-alcaldia-de-maracaibo-inicio-feria-escolar\/","title":{"rendered":"\u00a1EN LA PLAZOLETA DE LA BAS\u00cdLICA! Con descuentos de hasta un 30% en \u00fatiles, la Alcald\u00eda de Maracaibo inici\u00f3 Feria Escolar"},"content":{"rendered":"\n<p><strong>ENTRE TORMENTAS. <\/strong>Con descuentos que van entre un 20 y un 30 % en los precios de \u00fatiles, cuadernos, morrales y otros implementos, la Alcald\u00eda Bolivariana de Maracaibo puso en marcha este viernes la Feria Escolar Maracaibo 2025 en la plazoleta de la Bas\u00edlica de Chiquinquir\u00e1.<\/p>\n\n\n\n<p>Se trata de una iniciativa social del alcalde Giancarlo Di Martino para apoyar a las familias marabinas en el regreso a clases, ofreciendo precios accesibles y a tasa oficial.<\/p>\n\n\n\n<figure class=\"wp-block-image size-large\"><img fetchpriority=\"high\" decoding=\"async\" width=\"1024\" height=\"682\" src=\"https:\/\/entretormentas.com\/wp-content\/uploads\/2025\/09\/dimaferia2-1024x682.jpeg\" alt=\"\" class=\"wp-image-21436\" srcset=\"https:\/\/entretormentas.com\/wp-content\/uploads\/2025\/09\/dimaferia2-1024x682.jpeg 1024w, https:\/\/entretormentas.com\/wp-content\/uploads\/2025\/09\/dimaferia2-300x200.jpeg 300w, https:\/\/entretormentas.com\/wp-content\/uploads\/2025\/09\/dimaferia2-768x512.jpeg 768w, https:\/\/entretormentas.com\/wp-content\/uploads\/2025\/09\/dimaferia2.jpeg 1280w\" sizes=\"(max-width: 1024px) 100vw, 1024px\" \/><\/figure>\n\n\n\n<p>Estos insumos, necesarios para la vuelta a clases de los estudiantes, se expenden con un 20% en el caso de los textos y un 30% en \u00fatiles y uniformes escolares.<\/p>\n\n\n\n<p>En la plazoleta de la Bas\u00edlica, la Feria Escolar se extender\u00e1 hasta el 5 de octubre. La jornada tambi\u00e9n se activar\u00e1 en el sector Curva de Molina (m\u00f3dulo policial) entre el 9 de septiembre y el 5 de octubre.<\/p>\n\n\n\n<p>\u201cLos libros se venden ac\u00e1 al costo, sin ning\u00fan sobreprecio; contamos tambi\u00e9n con cuadernos y algunos \u00fatiles escolares a menos de un d\u00f3lar. Tenemos disponibles uniformes de los niveles prescolar y primaria y textos desde primaria hasta bachillerato\u201d, inform\u00f3 Angibellis Leal, directora de Eventos de la Alcald\u00eda de Maracaibo.<\/p>\n\n\n\n<figure class=\"wp-block-image size-large\"><img decoding=\"async\" width=\"1024\" height=\"682\" src=\"https:\/\/entretormentas.com\/wp-content\/uploads\/2025\/09\/dimaferia3-1024x682.jpeg\" alt=\"\" class=\"wp-image-21437\" srcset=\"https:\/\/entretormentas.com\/wp-content\/uploads\/2025\/09\/dimaferia3-1024x682.jpeg 1024w, https:\/\/entretormentas.com\/wp-content\/uploads\/2025\/09\/dimaferia3-300x200.jpeg 300w, https:\/\/entretormentas.com\/wp-content\/uploads\/2025\/09\/dimaferia3-768x512.jpeg 768w, https:\/\/entretormentas.com\/wp-content\/uploads\/2025\/09\/dimaferia3.jpeg 1280w\" sizes=\"(max-width: 1024px) 100vw, 1024px\" \/><\/figure>\n\n\n\n<p>La funcionaria destac\u00f3 que la Feria Escolar es un esfuerzo del alcalde bolivariano Giancarlo Di Martino y de la primera dama y directora de Desarrollo Social de la municipalidad, Ana Clara Barboza de Di Martino, para facilitar el regreso a clases de los ni\u00f1os marabinos. Dijo que la actividad se desarrolla en alianza con el sector privado, representado en la Papeler\u00eda Esteva.<\/p>\n\n\n\n<p>\u201cMe fue excelente, compr\u00e9 cuadernos, l\u00e1pices, libros, casi la lista completa. Los precios son buenos, cada cuaderno cuesta menos de un d\u00f3lar\u201d, dijo la joven ama de casa Yorvelkis Cubill\u00e1n, residente del sector Los Bucares, y quien resolvi\u00f3 la compra de los \u00fatiles para sus dos hijos.<\/p>\n\n\n\n<p>Otra que sali\u00f3 contenta, cargando su bolsa de \u00fatiles escolares, fue Yury Gonz\u00e1lez. \u201cNo tengo quejas, es excelente la feria, los precios me parecieron accesibles. Compr\u00e9 cuadernos, papel bond y otras cosas de la lista de mis hijos\u201d.<\/p>\n\n\n\n<p>La Feria Escolar cont\u00f3 con la participaci\u00f3n de los ni\u00f1os de la Escuela de Gaita Luis Oquendo Delgado, quienes pusieron a bailar a los presentes con el contagioso sabor de nuestro ritmo decembrino.<br><strong><em>ET \/ Nota de Prensa<\/em><\/strong><\/p>\n\n\n\n<p><\/p>\n","protected":false},"excerpt":{"rendered":"<p>ENTRE TORMENTAS. Con descuentos que van entre un 20 y un 30 % en los&#8230;<\/p>\n","protected":false},"author":2,"featured_media":21438,"comment_status":"closed","ping_status":"open","sticky":false,"template":"","format":"standard","meta":{"footnotes":""},"categories":[57,1],"tags":[],"class_list":["post-21435","post","type-post","status-publish","format-standard","has-post-thumbnail","hentry","category-actualidad","category-regionales"],"_links":{"self":[{"href":"https:\/\/entretormentas.com\/index.php?rest_route=\/wp\/v2\/posts\/21435","targetHints":{"allow":["GET"]}}],"collection":[{"href":"https:\/\/entretormentas.com\/index.php?rest_route=\/wp\/v2\/posts"}],"about":[{"href":"https:\/\/entretormentas.com\/index.php?rest_route=\/wp\/v2\/types\/post"}],"author":[{"embeddable":true,"href":"https:\/\/entretormentas.com\/index.php?rest_route=\/wp\/v2\/users\/2"}],"replies":[{"embeddable":true,"href":"https:\/\/entretormentas.com\/index.php?rest_route=%2Fwp%2Fv2%2Fcomments&post=21435"}],"version-history":[{"count":1,"href":"https:\/\/entretormentas.com\/index.php?rest_route=\/wp\/v2\/posts\/21435\/revisions"}],"predecessor-version":[{"id":21439,"href":"https:\/\/entretormentas.com\/index.php?rest_route=\/wp\/v2\/posts\/21435\/revisions\/21439"}],"wp:featuredmedia":[{"embeddable":true,"href":"https:\/\/entretormentas.com\/index.php?rest_route=\/wp\/v2\/media\/21438"}],"wp:attachment":[{"href":"https:\/\/entretormentas.com\/index.php?rest_route=%2Fwp%2Fv2%2Fmedia&parent=21435"}],"wp:term":[{"taxonomy":"category","embeddable":true,"href":"https:\/\/entretormentas.com\/index.php?rest_route=%2Fwp%2Fv2%2Fcategories&post=21435"},{"taxonomy":"post_tag","embeddable":true,"href":"https:\/\/entretormentas.com\/index.php?rest_route=%2Fwp%2Fv2%2Ftags&post=21435"}],"curies":[{"name":"wp","href":"https:\/\/api.w.org\/{rel}","templated":true}]}}